{"id":224598,"date":"2019-08-15T16:26:05","date_gmt":"2019-08-15T14:26:05","guid":{"rendered":"https:\/\/www.magnas.cz\/?p=224598"},"modified":"2024-12-16T15:45:34","modified_gmt":"2024-12-16T14:45:34","slug":"zasady-ochrany-osobni-udaju%cc%8a","status":"publish","type":"post","link":"https:\/\/www.magnas.cz\/en\/zasady-ochrany-osobni-udaju%cc%8a\/","title":{"rendered":"Za\u0301sady ochrany osobni\u0301 u\u0301daju\u030a"},"content":{"rendered":"<p>[pdf-embedder url=&#8220;https:\/\/www.magnas.cz\/wp-content\/uploads\/2019\/08\/Za\u0301sady-ochrany-osobni\u0301-u\u0301daju\u030a_Magnas.pdf&#8220; title=&#8220;Za\u0301sady ochrany osobni\u0301 u\u0301daju\u030a_Magnas&#8220;]<\/p>","protected":false},"excerpt":{"rendered":"<p>[pdf-embedder url=&#8220;https:\/\/www.magnas.cz\/wp-content\/uploads\/2019\/08\/Za\u0301sady-ochrany-osobni\u0301-u\u0301daju\u030a_Magnas.pdf&#8220; title=&#8220;Za\u0301sady ochrany osobni\u0301 u\u0301daju\u030a_Magnas&#8220;]<\/p>","protected":false},"author":2,"featured_media":0,"comment_status":"closed","ping_status":"open","sticky":false,"template":"","format":"standard","meta":{"_et_pb_use_builder":"","_et_pb_old_content":"","_et_gb_content_width":"","footnotes":""},"categories":[1],"tags":[],"class_list":["post-224598","post","type-post","status-publish","format-standard","hentry","category-nezarazene"],"yoast_head":"<!-- This site is optimized with the Yoast SEO plugin v26.9 - https:\/\/yoast.com\/product\/yoast-seo-wordpress\/ -->\n<title>Za\u0301sady ochrany osobni\u0301 u\u0301daju\u030a | Magnas<\/title>\n<meta name=\"description\" content=\"Jsme kreativn\u011b medi\u00e1ln\u00ed uskupen\u00ed propojuj\u00edc\u00ed medi\u00e1ln\u00ed a kreativn\u00ed slu\u017eby. Stav\u00edme na \u00fazk\u00e9m propojen\u00ed strategie, medi\u00e1ln\u00edho pl\u00e1nov\u00e1n\u00ed, offline i online v\u00fdkonu, kreativn\u00edch n\u00e1pad\u016f a produkce. Pom\u00e1h\u00e1me firm\u00e1m rozv\u00edjet p\u0159\u00edb\u011bh jejich zna\u010dky, p\u0159in\u00e1\u0161\u00edme strategick\u00fd pohled do jejich byznysu nebo \u201ejen\u201c pom\u00e1h\u00e1me r\u016fstu prodej\u016f. Ka\u017ed\u00e1 organizace m\u00e1 jin\u00e9 pot\u0159eby, pom\u00e1h\u00e1me spole\u010dn\u011b nastavit ty spr\u00e1vn\u00e9 c\u00edle.\" \/>\n<meta name=\"robots\" content=\"index, follow, max-snippet:-1, max-image-preview:large, max-video-preview:-1\" \/>\n<link rel=\"canonical\" href=\"https:\/\/www.magnas.cz\/en\/zasady-ochrany-osobni-udaju\u030a\/\" \/>\n<meta property=\"og:locale\" content=\"en_GB\" \/>\n<meta property=\"og:type\" content=\"article\" \/>\n<meta property=\"og:title\" content=\"Za\u0301sady ochrany osobni\u0301 u\u0301daju\u030a | Magnas\" \/>\n<meta property=\"og:description\" content=\"Jsme kreativn\u011b medi\u00e1ln\u00ed uskupen\u00ed propojuj\u00edc\u00ed medi\u00e1ln\u00ed a kreativn\u00ed slu\u017eby. Stav\u00edme na \u00fazk\u00e9m propojen\u00ed strategie, medi\u00e1ln\u00edho pl\u00e1nov\u00e1n\u00ed, offline i online v\u00fdkonu, kreativn\u00edch n\u00e1pad\u016f a produkce. Pom\u00e1h\u00e1me firm\u00e1m rozv\u00edjet p\u0159\u00edb\u011bh jejich zna\u010dky, p\u0159in\u00e1\u0161\u00edme strategick\u00fd pohled do jejich byznysu nebo \u201ejen\u201c pom\u00e1h\u00e1me r\u016fstu prodej\u016f. Ka\u017ed\u00e1 organizace m\u00e1 jin\u00e9 pot\u0159eby, pom\u00e1h\u00e1me spole\u010dn\u011b nastavit ty spr\u00e1vn\u00e9 c\u00edle.\" \/>\n<meta property=\"og:url\" content=\"https:\/\/www.magnas.cz\/en\/zasady-ochrany-osobni-udaju\u030a\/\" \/>\n<meta property=\"og:site_name\" content=\"Magnas\" \/>\n<meta property=\"article:publisher\" content=\"https:\/\/www.facebook.com\/magnasmedia\/\" \/>\n<meta property=\"article:published_time\" content=\"2019-08-15T14:26:05+00:00\" \/>\n<meta property=\"article:modified_time\" content=\"2024-12-16T14:45:34+00:00\" \/>\n<meta property=\"og:image\" content=\"https:\/\/www.magnas.cz\/wp-content\/uploads\/2025\/04\/Logo_Magnas_slogan_nadel_red_RGB-1.png\" \/>\n\t<meta property=\"og:image:width\" content=\"730\" \/>\n\t<meta property=\"og:image:height\" content=\"142\" \/>\n\t<meta property=\"og:image:type\" content=\"image\/png\" \/>\n<meta name=\"author\" content=\"Magnas\" \/>\n<meta name=\"twitter:card\" content=\"summary_large_image\" \/>\n<meta name=\"twitter:label1\" content=\"Written by\" \/>\n\t<meta name=\"twitter:data1\" content=\"Magnas\" \/>\n<script type=\"application\/ld+json\" class=\"yoast-schema-graph\">{\"@context\":\"https:\/\/schema.org\",\"@graph\":[{\"@type\":\"Article\",\"@id\":\"https:\/\/www.magnas.cz\/zasady-ochrany-osobni-udaju%cc%8a\/#article\",\"isPartOf\":{\"@id\":\"https:\/\/www.magnas.cz\/zasady-ochrany-osobni-udaju%cc%8a\/\"},\"author\":{\"name\":\"Magnas\",\"@id\":\"https:\/\/www.magnas.cz\/#\/schema\/person\/a6e92500a1ac041d3169d30c004786e1\"},\"headline\":\"Za\u0301sady ochrany osobni\u0301 u\u0301daju\u030a\",\"datePublished\":\"2019-08-15T14:26:05+00:00\",\"dateModified\":\"2024-12-16T14:45:34+00:00\",\"mainEntityOfPage\":{\"@id\":\"https:\/\/www.magnas.cz\/zasady-ochrany-osobni-udaju%cc%8a\/\"},\"wordCount\":28,\"publisher\":{\"@id\":\"https:\/\/www.magnas.cz\/#organization\"},\"articleSection\":[\"Neza\u0159azen\u00e9\"],\"inLanguage\":\"en-GB\"},{\"@type\":\"WebPage\",\"@id\":\"https:\/\/www.magnas.cz\/zasady-ochrany-osobni-udaju%cc%8a\/\",\"url\":\"https:\/\/www.magnas.cz\/zasady-ochrany-osobni-udaju%cc%8a\/\",\"name\":\"Za\u0301sady ochrany osobni\u0301 u\u0301daju\u030a | Magnas\",\"isPartOf\":{\"@id\":\"https:\/\/www.magnas.cz\/#website\"},\"datePublished\":\"2019-08-15T14:26:05+00:00\",\"dateModified\":\"2024-12-16T14:45:34+00:00\",\"description\":\"Jsme kreativn\u011b medi\u00e1ln\u00ed uskupen\u00ed propojuj\u00edc\u00ed medi\u00e1ln\u00ed a kreativn\u00ed slu\u017eby. Stav\u00edme na \u00fazk\u00e9m propojen\u00ed strategie, medi\u00e1ln\u00edho pl\u00e1nov\u00e1n\u00ed, offline i online v\u00fdkonu, kreativn\u00edch n\u00e1pad\u016f a produkce. Pom\u00e1h\u00e1me firm\u00e1m rozv\u00edjet p\u0159\u00edb\u011bh jejich zna\u010dky, p\u0159in\u00e1\u0161\u00edme strategick\u00fd pohled do jejich byznysu nebo \u201ejen\u201c pom\u00e1h\u00e1me r\u016fstu prodej\u016f. Ka\u017ed\u00e1 organizace m\u00e1 jin\u00e9 pot\u0159eby, pom\u00e1h\u00e1me spole\u010dn\u011b nastavit ty spr\u00e1vn\u00e9 c\u00edle.\",\"breadcrumb\":{\"@id\":\"https:\/\/www.magnas.cz\/zasady-ochrany-osobni-udaju%cc%8a\/#breadcrumb\"},\"inLanguage\":\"en-GB\",\"potentialAction\":[{\"@type\":\"ReadAction\",\"target\":[\"https:\/\/www.magnas.cz\/zasady-ochrany-osobni-udaju%cc%8a\/\"]}]},{\"@type\":\"BreadcrumbList\",\"@id\":\"https:\/\/www.magnas.cz\/zasady-ochrany-osobni-udaju%cc%8a\/#breadcrumb\",\"itemListElement\":[{\"@type\":\"ListItem\",\"position\":1,\"name\":\"Dom\u016f\",\"item\":\"https:\/\/www.magnas.cz\/\"},{\"@type\":\"ListItem\",\"position\":2,\"name\":\"Za\u0301sady ochrany osobni\u0301 u\u0301daju\u030a\"}]},{\"@type\":\"WebSite\",\"@id\":\"https:\/\/www.magnas.cz\/#website\",\"url\":\"https:\/\/www.magnas.cz\/\",\"name\":\"Magnas Media\",\"description\":\"\",\"publisher\":{\"@id\":\"https:\/\/www.magnas.cz\/#organization\"},\"alternateName\":\"Jsme t\u00fdm odborn\u00edk\u016f na brandov\u00e9 i v\u00fdkonnostn\u00ed strategie.\",\"potentialAction\":[{\"@type\":\"SearchAction\",\"target\":{\"@type\":\"EntryPoint\",\"urlTemplate\":\"https:\/\/www.magnas.cz\/?s={search_term_string}\"},\"query-input\":{\"@type\":\"PropertyValueSpecification\",\"valueRequired\":true,\"valueName\":\"search_term_string\"}}],\"inLanguage\":\"en-GB\"},{\"@type\":\"Organization\",\"@id\":\"https:\/\/www.magnas.cz\/#organization\",\"name\":\"Magnas Media s.r.o.\",\"url\":\"https:\/\/www.magnas.cz\/\",\"logo\":{\"@type\":\"ImageObject\",\"inLanguage\":\"en-GB\",\"@id\":\"https:\/\/www.magnas.cz\/#\/schema\/logo\/image\/\",\"url\":\"https:\/\/www.magnas.cz\/wp-content\/uploads\/2025\/04\/Logo_Magnas_slogan_nadel_red_RGB-1.png\",\"contentUrl\":\"https:\/\/www.magnas.cz\/wp-content\/uploads\/2025\/04\/Logo_Magnas_slogan_nadel_red_RGB-1.png\",\"width\":730,\"height\":142,\"caption\":\"Magnas Media s.r.o.\"},\"image\":{\"@id\":\"https:\/\/www.magnas.cz\/#\/schema\/logo\/image\/\"},\"sameAs\":[\"https:\/\/www.facebook.com\/magnasmedia\/\",\"https:\/\/www.instagram.com\/magnas.media\/\"]},{\"@type\":\"Person\",\"@id\":\"https:\/\/www.magnas.cz\/#\/schema\/person\/a6e92500a1ac041d3169d30c004786e1\",\"name\":\"Magnas\",\"image\":{\"@type\":\"ImageObject\",\"inLanguage\":\"en-GB\",\"@id\":\"https:\/\/www.magnas.cz\/#\/schema\/person\/image\/\",\"url\":\"https:\/\/secure.gravatar.com\/avatar\/74462af9aa7021b433ba6a95d633f3593996177474bf63c4723e2e09e6ff4c75?s=96&d=mm&r=g\",\"contentUrl\":\"https:\/\/secure.gravatar.com\/avatar\/74462af9aa7021b433ba6a95d633f3593996177474bf63c4723e2e09e6ff4c75?s=96&d=mm&r=g\",\"caption\":\"Magnas\"},\"url\":\"https:\/\/www.magnas.cz\/en\/author\/admin\/\"}]}<\/script>\n<!-- \/ Yoast SEO plugin. -->","yoast_head_json":{"title":"Za\u0301sady ochrany osobni\u0301 u\u0301daju\u030a | Magnas","description":"Jsme kreativn\u011b medi\u00e1ln\u00ed uskupen\u00ed propojuj\u00edc\u00ed medi\u00e1ln\u00ed a kreativn\u00ed slu\u017eby. Stav\u00edme na \u00fazk\u00e9m propojen\u00ed strategie, medi\u00e1ln\u00edho pl\u00e1nov\u00e1n\u00ed, offline i online v\u00fdkonu, kreativn\u00edch n\u00e1pad\u016f a produkce. Pom\u00e1h\u00e1me firm\u00e1m rozv\u00edjet p\u0159\u00edb\u011bh jejich zna\u010dky, p\u0159in\u00e1\u0161\u00edme strategick\u00fd pohled do jejich byznysu nebo \u201ejen\u201c pom\u00e1h\u00e1me r\u016fstu prodej\u016f. Ka\u017ed\u00e1 organizace m\u00e1 jin\u00e9 pot\u0159eby, pom\u00e1h\u00e1me spole\u010dn\u011b nastavit ty spr\u00e1vn\u00e9 c\u00edle.","robots":{"index":"index","follow":"follow","max-snippet":"max-snippet:-1","max-image-preview":"max-image-preview:large","max-video-preview":"max-video-preview:-1"},"canonical":"https:\/\/www.magnas.cz\/en\/zasady-ochrany-osobni-udaju\u030a\/","og_locale":"en_GB","og_type":"article","og_title":"Za\u0301sady ochrany osobni\u0301 u\u0301daju\u030a | Magnas","og_description":"Jsme kreativn\u011b medi\u00e1ln\u00ed uskupen\u00ed propojuj\u00edc\u00ed medi\u00e1ln\u00ed a kreativn\u00ed slu\u017eby. Stav\u00edme na \u00fazk\u00e9m propojen\u00ed strategie, medi\u00e1ln\u00edho pl\u00e1nov\u00e1n\u00ed, offline i online v\u00fdkonu, kreativn\u00edch n\u00e1pad\u016f a produkce. Pom\u00e1h\u00e1me firm\u00e1m rozv\u00edjet p\u0159\u00edb\u011bh jejich zna\u010dky, p\u0159in\u00e1\u0161\u00edme strategick\u00fd pohled do jejich byznysu nebo \u201ejen\u201c pom\u00e1h\u00e1me r\u016fstu prodej\u016f. Ka\u017ed\u00e1 organizace m\u00e1 jin\u00e9 pot\u0159eby, pom\u00e1h\u00e1me spole\u010dn\u011b nastavit ty spr\u00e1vn\u00e9 c\u00edle.","og_url":"https:\/\/www.magnas.cz\/en\/zasady-ochrany-osobni-udaju\u030a\/","og_site_name":"Magnas","article_publisher":"https:\/\/www.facebook.com\/magnasmedia\/","article_published_time":"2019-08-15T14:26:05+00:00","article_modified_time":"2024-12-16T14:45:34+00:00","og_image":[{"width":730,"height":142,"url":"https:\/\/www.magnas.cz\/wp-content\/uploads\/2025\/04\/Logo_Magnas_slogan_nadel_red_RGB-1.png","type":"image\/png"}],"author":"Magnas","twitter_card":"summary_large_image","twitter_misc":{"Written by":"Magnas"},"schema":{"@context":"https:\/\/schema.org","@graph":[{"@type":"Article","@id":"https:\/\/www.magnas.cz\/zasady-ochrany-osobni-udaju%cc%8a\/#article","isPartOf":{"@id":"https:\/\/www.magnas.cz\/zasady-ochrany-osobni-udaju%cc%8a\/"},"author":{"name":"Magnas","@id":"https:\/\/www.magnas.cz\/#\/schema\/person\/a6e92500a1ac041d3169d30c004786e1"},"headline":"Za\u0301sady ochrany osobni\u0301 u\u0301daju\u030a","datePublished":"2019-08-15T14:26:05+00:00","dateModified":"2024-12-16T14:45:34+00:00","mainEntityOfPage":{"@id":"https:\/\/www.magnas.cz\/zasady-ochrany-osobni-udaju%cc%8a\/"},"wordCount":28,"publisher":{"@id":"https:\/\/www.magnas.cz\/#organization"},"articleSection":["Neza\u0159azen\u00e9"],"inLanguage":"en-GB"},{"@type":"WebPage","@id":"https:\/\/www.magnas.cz\/zasady-ochrany-osobni-udaju%cc%8a\/","url":"https:\/\/www.magnas.cz\/zasady-ochrany-osobni-udaju%cc%8a\/","name":"Za\u0301sady ochrany osobni\u0301 u\u0301daju\u030a | Magnas","isPartOf":{"@id":"https:\/\/www.magnas.cz\/#website"},"datePublished":"2019-08-15T14:26:05+00:00","dateModified":"2024-12-16T14:45:34+00:00","description":"Jsme kreativn\u011b medi\u00e1ln\u00ed uskupen\u00ed propojuj\u00edc\u00ed medi\u00e1ln\u00ed a kreativn\u00ed slu\u017eby. Stav\u00edme na \u00fazk\u00e9m propojen\u00ed strategie, medi\u00e1ln\u00edho pl\u00e1nov\u00e1n\u00ed, offline i online v\u00fdkonu, kreativn\u00edch n\u00e1pad\u016f a produkce. Pom\u00e1h\u00e1me firm\u00e1m rozv\u00edjet p\u0159\u00edb\u011bh jejich zna\u010dky, p\u0159in\u00e1\u0161\u00edme strategick\u00fd pohled do jejich byznysu nebo \u201ejen\u201c pom\u00e1h\u00e1me r\u016fstu prodej\u016f. Ka\u017ed\u00e1 organizace m\u00e1 jin\u00e9 pot\u0159eby, pom\u00e1h\u00e1me spole\u010dn\u011b nastavit ty spr\u00e1vn\u00e9 c\u00edle.","breadcrumb":{"@id":"https:\/\/www.magnas.cz\/zasady-ochrany-osobni-udaju%cc%8a\/#breadcrumb"},"inLanguage":"en-GB","potentialAction":[{"@type":"ReadAction","target":["https:\/\/www.magnas.cz\/zasady-ochrany-osobni-udaju%cc%8a\/"]}]},{"@type":"BreadcrumbList","@id":"https:\/\/www.magnas.cz\/zasady-ochrany-osobni-udaju%cc%8a\/#breadcrumb","itemListElement":[{"@type":"ListItem","position":1,"name":"Dom\u016f","item":"https:\/\/www.magnas.cz\/"},{"@type":"ListItem","position":2,"name":"Za\u0301sady ochrany osobni\u0301 u\u0301daju\u030a"}]},{"@type":"WebSite","@id":"https:\/\/www.magnas.cz\/#website","url":"https:\/\/www.magnas.cz\/","name":"Magnas Media","description":"","publisher":{"@id":"https:\/\/www.magnas.cz\/#organization"},"alternateName":"Jsme t\u00fdm odborn\u00edk\u016f na brandov\u00e9 i v\u00fdkonnostn\u00ed strategie.","potentialAction":[{"@type":"SearchAction","target":{"@type":"EntryPoint","urlTemplate":"https:\/\/www.magnas.cz\/?s={search_term_string}"},"query-input":{"@type":"PropertyValueSpecification","valueRequired":true,"valueName":"search_term_string"}}],"inLanguage":"en-GB"},{"@type":"Organization","@id":"https:\/\/www.magnas.cz\/#organization","name":"Magnas Media s.r.o.","url":"https:\/\/www.magnas.cz\/","logo":{"@type":"ImageObject","inLanguage":"en-GB","@id":"https:\/\/www.magnas.cz\/#\/schema\/logo\/image\/","url":"https:\/\/www.magnas.cz\/wp-content\/uploads\/2025\/04\/Logo_Magnas_slogan_nadel_red_RGB-1.png","contentUrl":"https:\/\/www.magnas.cz\/wp-content\/uploads\/2025\/04\/Logo_Magnas_slogan_nadel_red_RGB-1.png","width":730,"height":142,"caption":"Magnas Media s.r.o."},"image":{"@id":"https:\/\/www.magnas.cz\/#\/schema\/logo\/image\/"},"sameAs":["https:\/\/www.facebook.com\/magnasmedia\/","https:\/\/www.instagram.com\/magnas.media\/"]},{"@type":"Person","@id":"https:\/\/www.magnas.cz\/#\/schema\/person\/a6e92500a1ac041d3169d30c004786e1","name":"Magnas","image":{"@type":"ImageObject","inLanguage":"en-GB","@id":"https:\/\/www.magnas.cz\/#\/schema\/person\/image\/","url":"https:\/\/secure.gravatar.com\/avatar\/74462af9aa7021b433ba6a95d633f3593996177474bf63c4723e2e09e6ff4c75?s=96&d=mm&r=g","contentUrl":"https:\/\/secure.gravatar.com\/avatar\/74462af9aa7021b433ba6a95d633f3593996177474bf63c4723e2e09e6ff4c75?s=96&d=mm&r=g","caption":"Magnas"},"url":"https:\/\/www.magnas.cz\/en\/author\/admin\/"}]}},"_links":{"self":[{"href":"https:\/\/www.magnas.cz\/en\/wp-json\/wp\/v2\/posts\/224598","targetHints":{"allow":["GET"]}}],"collection":[{"href":"https:\/\/www.magnas.cz\/en\/wp-json\/wp\/v2\/posts"}],"about":[{"href":"https:\/\/www.magnas.cz\/en\/wp-json\/wp\/v2\/types\/post"}],"author":[{"embeddable":true,"href":"https:\/\/www.magnas.cz\/en\/wp-json\/wp\/v2\/users\/2"}],"replies":[{"embeddable":true,"href":"https:\/\/www.magnas.cz\/en\/wp-json\/wp\/v2\/comments?post=224598"}],"version-history":[{"count":1,"href":"https:\/\/www.magnas.cz\/en\/wp-json\/wp\/v2\/posts\/224598\/revisions"}],"predecessor-version":[{"id":224599,"href":"https:\/\/www.magnas.cz\/en\/wp-json\/wp\/v2\/posts\/224598\/revisions\/224599"}],"wp:attachment":[{"href":"https:\/\/www.magnas.cz\/en\/wp-json\/wp\/v2\/media?parent=224598"}],"wp:term":[{"taxonomy":"category","embeddable":true,"href":"https:\/\/www.magnas.cz\/en\/wp-json\/wp\/v2\/categories?post=224598"},{"taxonomy":"post_tag","embeddable":true,"href":"https:\/\/www.magnas.cz\/en\/wp-json\/wp\/v2\/tags?post=224598"}],"curies":[{"name":"wp","href":"https:\/\/api.w.org\/{rel}","templated":true}]}}