{"id":225759,"date":"2024-02-20T14:20:30","date_gmt":"2024-02-20T13:20:30","guid":{"rendered":"https:\/\/www.magnas.cz\/?p=225759"},"modified":"2024-12-16T15:45:14","modified_gmt":"2024-12-16T14:45:14","slug":"jsme-partnerem-marketing-festival-privezeme-i-pout","status":"publish","type":"post","link":"https:\/\/www.magnas.cz\/en\/jsme-partnerem-marketing-festival-privezeme-i-pout\/","title":{"rendered":"Jsme partnerem Marketing Festival. P\u0159ivezeme i pou\u0165"},"content":{"rendered":"<p><strong>U\u017e st\u0159\u00edh\u00e1me metr. Jen p\u00e1r dn\u00ed zb\u00fdv\u00e1 do Marketing Festivalu v Brn\u011b, jeho\u017e jsme hrd\u00fdm partnerem. Od \u00fater\u00fd 20. 2. do \u010dtvrtka 22. 2. se m\u016f\u017eeme potkat v&nbsp;Jan\u00e1\u010dkov\u011b divadle a u\u017e\u00edt si odbornou i neform\u00e1ln\u00ed \u010d\u00e1st dev\u00e1t\u00e9ho ro\u010dn\u00edku t\u00e9to legend\u00e1rn\u00ed akce.<\/strong><\/p>\n\n\n\n<p>Marketingov\u00e1 top akce roku nab\u00edz\u00ed v\u00fdjime\u010dnou p\u0159\u00edle\u017eitost setkat se b\u011bhem dvou dn\u016f a t\u0159\u00ed ve\u010der\u016f s v\u00edce ne\u017e tis\u00edcovkou seniorn\u00edch market\u00e9r\u016f, krom\u011b dal\u0161\u00edch i s&nbsp;na\u0161imi \u201emagnas\u00e1ck\u00fdmi\u201c. V&nbsp;odborn\u00e9m bloku na v\u00e1s \u010dekaj\u00ed marketingov\u00e9 hv\u011bzdy sv\u011btov\u00e9ho form\u00e1tu, jako je datov\u00e1 analyti\u010dka a expertka na machine learning Cassie Kozyrkov, sv\u011btov\u011b uzn\u00e1van\u00fd expert na behavior\u00e1ln\u00ed v\u011bdy a odborn\u00edk na martech Richard Shotton, zakladatel Chief Martec Scott Brinker, spoluautorka knihy How Brands Grow 2 Jenni Romaniuk, Tom Fishburne zn\u00e1m\u00fd jako Marketoonist nebo Steen Rasmusena, \u0161pi\u010dkov\u00fd digit\u00e1ln\u00ed analytik.<\/p>\n\n\n\n<p>A proto\u017ee festival v&nbsp;n\u00e1zvu akce nen\u00ed jen pr\u00e1zdn\u00e9 slovo, o\u017eij\u00ed brn\u011bnsk\u00e9 ve\u010dery skv\u011bl\u00fdm programem a hudebn\u00edmi vystoupen\u00edmi kapel Tata Bojs, Malalata nebo Prago Union. K&nbsp;festivalov\u00e9 atmosf\u00e9\u0159e p\u0159isp\u011bjeme z\u00e1bavou ve stylu pou\u0165ov\u00fdch atrakc\u00ed. U na\u0161eho st\u00e1nku si m\u016f\u017eete vyst\u0159elit r\u016f\u017ei z&nbsp;pap\u00edru, zahr\u00e1t si hru na HBBTV a d\u00edky na\u0161\u00ed spolupr\u00e1ci s&nbsp;<a target=\"_blank\" rel=\"noreferrer noopener\" href=\"https:\/\/www.linkedin.com\/company\/ftvprima\/\">FTV Prima<\/a>&nbsp;si k&nbsp;tomu stylov\u011b zakousnout klasick\u00fd p\u00e1rek v&nbsp;rohl\u00edku, pokud budete cht\u00edt vyv\u00e1\u017eit vybran\u00fd festivalov\u00fd catering. Energii m\u016f\u017eete dob\u00edt nejen debatami o medi\u00e1ln\u00edm pl\u00e1nov\u00e1n\u00ed a zna\u010dk\u00e1ch s&nbsp;na\u0161imi firemn\u00edmi experty, ale i na\u0161\u00edm vlastn\u00edm Magnas energy drinkem.<\/p>\n\n\n\n<p>T\u011b\u0161\u00edme se na v\u00e1s!<\/p>\n\n\n\n<p>V\u00edce info zde: <a target=\"_blank\" rel=\"noreferrer noopener\" href=\"https:\/\/www.marketingfestival.cz\/\">https:\/\/www.marketingfestival.cz<\/a><\/p>","protected":false},"excerpt":{"rendered":"<p>U\u017e st\u0159\u00edh\u00e1me metr. Jen p\u00e1r dn\u00ed zb\u00fdv\u00e1 do Marketing Festivalu v Brn\u011b, jeho\u017e jsme hrd\u00fdm partnerem. Od \u00fater\u00fd 20. 2. do \u010dtvrtka 22. 2. se m\u016f\u017eeme potkat v&nbsp;Jan\u00e1\u010dkov\u011b divadle a u\u017e\u00edt si odbornou i neform\u00e1ln\u00ed \u010d\u00e1st dev\u00e1t\u00e9ho ro\u010dn\u00edku t\u00e9to legend\u00e1rn\u00ed akce. Marketingov\u00e1 top akce roku nab\u00edz\u00ed v\u00fdjime\u010dnou p\u0159\u00edle\u017eitost setkat se b\u011bhem dvou dn\u016f a t\u0159\u00ed [&hellip;]<\/p>","protected":false},"author":2,"featured_media":225760,"comment_status":"closed","ping_status":"open","sticky":false,"template":"","format":"standard","meta":{"_et_pb_use_builder":"off","_et_pb_old_content":"","_et_gb_content_width":"1080","footnotes":""},"categories":[1],"tags":[],"class_list":["post-225759","post","type-post","status-publish","format-standard","has-post-thumbnail","hentry","category-nezarazene"],"yoast_head":"<!-- This site is optimized with the Yoast SEO plugin v26.9 - https:\/\/yoast.com\/product\/yoast-seo-wordpress\/ -->\n<title>Jsme partnerem Marketing Festival. P\u0159ivezeme i pou\u0165 | Magnas<\/title>\n<meta name=\"description\" content=\"Jsme kreativn\u011b medi\u00e1ln\u00ed uskupen\u00ed propojuj\u00edc\u00ed medi\u00e1ln\u00ed a kreativn\u00ed slu\u017eby. Stav\u00edme na \u00fazk\u00e9m propojen\u00ed strategie, medi\u00e1ln\u00edho pl\u00e1nov\u00e1n\u00ed, offline i online v\u00fdkonu, kreativn\u00edch n\u00e1pad\u016f a produkce. Pom\u00e1h\u00e1me firm\u00e1m rozv\u00edjet p\u0159\u00edb\u011bh jejich zna\u010dky, p\u0159in\u00e1\u0161\u00edme strategick\u00fd pohled do jejich byznysu nebo \u201ejen\u201c pom\u00e1h\u00e1me r\u016fstu prodej\u016f. Ka\u017ed\u00e1 organizace m\u00e1 jin\u00e9 pot\u0159eby, pom\u00e1h\u00e1me spole\u010dn\u011b nastavit ty spr\u00e1vn\u00e9 c\u00edle.\" \/>\n<meta name=\"robots\" content=\"index, follow, max-snippet:-1, max-image-preview:large, max-video-preview:-1\" \/>\n<link rel=\"canonical\" href=\"https:\/\/www.magnas.cz\/en\/jsme-partnerem-marketing-festival-privezeme-i-pout\/\" \/>\n<meta property=\"og:locale\" content=\"en_GB\" \/>\n<meta property=\"og:type\" content=\"article\" \/>\n<meta property=\"og:title\" content=\"Jsme partnerem Marketing Festival. P\u0159ivezeme i pou\u0165 | Magnas\" \/>\n<meta property=\"og:description\" content=\"Jsme kreativn\u011b medi\u00e1ln\u00ed uskupen\u00ed propojuj\u00edc\u00ed medi\u00e1ln\u00ed a kreativn\u00ed slu\u017eby. Stav\u00edme na \u00fazk\u00e9m propojen\u00ed strategie, medi\u00e1ln\u00edho pl\u00e1nov\u00e1n\u00ed, offline i online v\u00fdkonu, kreativn\u00edch n\u00e1pad\u016f a produkce. Pom\u00e1h\u00e1me firm\u00e1m rozv\u00edjet p\u0159\u00edb\u011bh jejich zna\u010dky, p\u0159in\u00e1\u0161\u00edme strategick\u00fd pohled do jejich byznysu nebo \u201ejen\u201c pom\u00e1h\u00e1me r\u016fstu prodej\u016f. Ka\u017ed\u00e1 organizace m\u00e1 jin\u00e9 pot\u0159eby, pom\u00e1h\u00e1me spole\u010dn\u011b nastavit ty spr\u00e1vn\u00e9 c\u00edle.\" \/>\n<meta property=\"og:url\" content=\"https:\/\/www.magnas.cz\/en\/jsme-partnerem-marketing-festival-privezeme-i-pout\/\" \/>\n<meta property=\"og:site_name\" content=\"Magnas\" \/>\n<meta property=\"article:publisher\" content=\"https:\/\/www.facebook.com\/magnasmedia\/\" \/>\n<meta property=\"article:published_time\" content=\"2024-02-20T13:20:30+00:00\" \/>\n<meta property=\"article:modified_time\" content=\"2024-12-16T14:45:14+00:00\" \/>\n<meta property=\"og:image\" content=\"https:\/\/www.magnas.cz\/wp-content\/uploads\/2024\/02\/Blok_detail.jpg\" \/>\n\t<meta property=\"og:image:width\" content=\"2289\" \/>\n\t<meta property=\"og:image:height\" content=\"1422\" \/>\n\t<meta property=\"og:image:type\" content=\"image\/jpeg\" \/>\n<meta name=\"author\" content=\"Magnas\" \/>\n<meta name=\"twitter:card\" content=\"summary_large_image\" \/>\n<meta name=\"twitter:label1\" content=\"Written by\" \/>\n\t<meta name=\"twitter:data1\" content=\"Magnas\" \/>\n\t<meta name=\"twitter:label2\" content=\"Estimated reading time\" \/>\n\t<meta name=\"twitter:data2\" content=\"2 minutes\" \/>\n<script type=\"application\/ld+json\" class=\"yoast-schema-graph\">{\"@context\":\"https:\/\/schema.org\",\"@graph\":[{\"@type\":\"Article\",\"@id\":\"https:\/\/www.magnas.cz\/jsme-partnerem-marketing-festival-privezeme-i-pout\/#article\",\"isPartOf\":{\"@id\":\"https:\/\/www.magnas.cz\/jsme-partnerem-marketing-festival-privezeme-i-pout\/\"},\"author\":{\"name\":\"Magnas\",\"@id\":\"https:\/\/www.magnas.cz\/#\/schema\/person\/a6e92500a1ac041d3169d30c004786e1\"},\"headline\":\"Jsme partnerem Marketing Festival. P\u0159ivezeme i pou\u0165\",\"datePublished\":\"2024-02-20T13:20:30+00:00\",\"dateModified\":\"2024-12-16T14:45:14+00:00\",\"mainEntityOfPage\":{\"@id\":\"https:\/\/www.magnas.cz\/jsme-partnerem-marketing-festival-privezeme-i-pout\/\"},\"wordCount\":332,\"publisher\":{\"@id\":\"https:\/\/www.magnas.cz\/#organization\"},\"image\":{\"@id\":\"https:\/\/www.magnas.cz\/jsme-partnerem-marketing-festival-privezeme-i-pout\/#primaryimage\"},\"thumbnailUrl\":\"https:\/\/www.magnas.cz\/wp-content\/uploads\/2024\/02\/Blok_detail.jpg\",\"articleSection\":[\"Neza\u0159azen\u00e9\"],\"inLanguage\":\"en-GB\"},{\"@type\":\"WebPage\",\"@id\":\"https:\/\/www.magnas.cz\/jsme-partnerem-marketing-festival-privezeme-i-pout\/\",\"url\":\"https:\/\/www.magnas.cz\/jsme-partnerem-marketing-festival-privezeme-i-pout\/\",\"name\":\"Jsme partnerem Marketing Festival. P\u0159ivezeme i pou\u0165 | Magnas\",\"isPartOf\":{\"@id\":\"https:\/\/www.magnas.cz\/#website\"},\"primaryImageOfPage\":{\"@id\":\"https:\/\/www.magnas.cz\/jsme-partnerem-marketing-festival-privezeme-i-pout\/#primaryimage\"},\"image\":{\"@id\":\"https:\/\/www.magnas.cz\/jsme-partnerem-marketing-festival-privezeme-i-pout\/#primaryimage\"},\"thumbnailUrl\":\"https:\/\/www.magnas.cz\/wp-content\/uploads\/2024\/02\/Blok_detail.jpg\",\"datePublished\":\"2024-02-20T13:20:30+00:00\",\"dateModified\":\"2024-12-16T14:45:14+00:00\",\"description\":\"Jsme kreativn\u011b medi\u00e1ln\u00ed uskupen\u00ed propojuj\u00edc\u00ed medi\u00e1ln\u00ed a kreativn\u00ed slu\u017eby. Stav\u00edme na \u00fazk\u00e9m propojen\u00ed strategie, medi\u00e1ln\u00edho pl\u00e1nov\u00e1n\u00ed, offline i online v\u00fdkonu, kreativn\u00edch n\u00e1pad\u016f a produkce. Pom\u00e1h\u00e1me firm\u00e1m rozv\u00edjet p\u0159\u00edb\u011bh jejich zna\u010dky, p\u0159in\u00e1\u0161\u00edme strategick\u00fd pohled do jejich byznysu nebo \u201ejen\u201c pom\u00e1h\u00e1me r\u016fstu prodej\u016f. Ka\u017ed\u00e1 organizace m\u00e1 jin\u00e9 pot\u0159eby, pom\u00e1h\u00e1me spole\u010dn\u011b nastavit ty spr\u00e1vn\u00e9 c\u00edle.\",\"breadcrumb\":{\"@id\":\"https:\/\/www.magnas.cz\/jsme-partnerem-marketing-festival-privezeme-i-pout\/#breadcrumb\"},\"inLanguage\":\"en-GB\",\"potentialAction\":[{\"@type\":\"ReadAction\",\"target\":[\"https:\/\/www.magnas.cz\/jsme-partnerem-marketing-festival-privezeme-i-pout\/\"]}]},{\"@type\":\"ImageObject\",\"inLanguage\":\"en-GB\",\"@id\":\"https:\/\/www.magnas.cz\/jsme-partnerem-marketing-festival-privezeme-i-pout\/#primaryimage\",\"url\":\"https:\/\/www.magnas.cz\/wp-content\/uploads\/2024\/02\/Blok_detail.jpg\",\"contentUrl\":\"https:\/\/www.magnas.cz\/wp-content\/uploads\/2024\/02\/Blok_detail.jpg\",\"width\":2289,\"height\":1422},{\"@type\":\"BreadcrumbList\",\"@id\":\"https:\/\/www.magnas.cz\/jsme-partnerem-marketing-festival-privezeme-i-pout\/#breadcrumb\",\"itemListElement\":[{\"@type\":\"ListItem\",\"position\":1,\"name\":\"Dom\u016f\",\"item\":\"https:\/\/www.magnas.cz\/\"},{\"@type\":\"ListItem\",\"position\":2,\"name\":\"Jsme partnerem Marketing Festival. P\u0159ivezeme i pou\u0165\"}]},{\"@type\":\"WebSite\",\"@id\":\"https:\/\/www.magnas.cz\/#website\",\"url\":\"https:\/\/www.magnas.cz\/\",\"name\":\"Magnas Media\",\"description\":\"\",\"publisher\":{\"@id\":\"https:\/\/www.magnas.cz\/#organization\"},\"alternateName\":\"Jsme t\u00fdm odborn\u00edk\u016f na brandov\u00e9 i v\u00fdkonnostn\u00ed strategie.\",\"potentialAction\":[{\"@type\":\"SearchAction\",\"target\":{\"@type\":\"EntryPoint\",\"urlTemplate\":\"https:\/\/www.magnas.cz\/?s={search_term_string}\"},\"query-input\":{\"@type\":\"PropertyValueSpecification\",\"valueRequired\":true,\"valueName\":\"search_term_string\"}}],\"inLanguage\":\"en-GB\"},{\"@type\":\"Organization\",\"@id\":\"https:\/\/www.magnas.cz\/#organization\",\"name\":\"Magnas Media s.r.o.\",\"url\":\"https:\/\/www.magnas.cz\/\",\"logo\":{\"@type\":\"ImageObject\",\"inLanguage\":\"en-GB\",\"@id\":\"https:\/\/www.magnas.cz\/#\/schema\/logo\/image\/\",\"url\":\"https:\/\/www.magnas.cz\/wp-content\/uploads\/2025\/04\/Logo_Magnas_slogan_nadel_red_RGB-1.png\",\"contentUrl\":\"https:\/\/www.magnas.cz\/wp-content\/uploads\/2025\/04\/Logo_Magnas_slogan_nadel_red_RGB-1.png\",\"width\":730,\"height\":142,\"caption\":\"Magnas Media s.r.o.\"},\"image\":{\"@id\":\"https:\/\/www.magnas.cz\/#\/schema\/logo\/image\/\"},\"sameAs\":[\"https:\/\/www.facebook.com\/magnasmedia\/\",\"https:\/\/www.instagram.com\/magnas.media\/\"]},{\"@type\":\"Person\",\"@id\":\"https:\/\/www.magnas.cz\/#\/schema\/person\/a6e92500a1ac041d3169d30c004786e1\",\"name\":\"Magnas\",\"image\":{\"@type\":\"ImageObject\",\"inLanguage\":\"en-GB\",\"@id\":\"https:\/\/www.magnas.cz\/#\/schema\/person\/image\/\",\"url\":\"https:\/\/secure.gravatar.com\/avatar\/74462af9aa7021b433ba6a95d633f3593996177474bf63c4723e2e09e6ff4c75?s=96&d=mm&r=g\",\"contentUrl\":\"https:\/\/secure.gravatar.com\/avatar\/74462af9aa7021b433ba6a95d633f3593996177474bf63c4723e2e09e6ff4c75?s=96&d=mm&r=g\",\"caption\":\"Magnas\"},\"url\":\"https:\/\/www.magnas.cz\/en\/author\/admin\/\"}]}<\/script>\n<!-- \/ Yoast SEO plugin. -->","yoast_head_json":{"title":"Jsme partnerem Marketing Festival. P\u0159ivezeme i pou\u0165 | Magnas","description":"Jsme kreativn\u011b medi\u00e1ln\u00ed uskupen\u00ed propojuj\u00edc\u00ed medi\u00e1ln\u00ed a kreativn\u00ed slu\u017eby. Stav\u00edme na \u00fazk\u00e9m propojen\u00ed strategie, medi\u00e1ln\u00edho pl\u00e1nov\u00e1n\u00ed, offline i online v\u00fdkonu, kreativn\u00edch n\u00e1pad\u016f a produkce. Pom\u00e1h\u00e1me firm\u00e1m rozv\u00edjet p\u0159\u00edb\u011bh jejich zna\u010dky, p\u0159in\u00e1\u0161\u00edme strategick\u00fd pohled do jejich byznysu nebo \u201ejen\u201c pom\u00e1h\u00e1me r\u016fstu prodej\u016f. Ka\u017ed\u00e1 organizace m\u00e1 jin\u00e9 pot\u0159eby, pom\u00e1h\u00e1me spole\u010dn\u011b nastavit ty spr\u00e1vn\u00e9 c\u00edle.","robots":{"index":"index","follow":"follow","max-snippet":"max-snippet:-1","max-image-preview":"max-image-preview:large","max-video-preview":"max-video-preview:-1"},"canonical":"https:\/\/www.magnas.cz\/en\/jsme-partnerem-marketing-festival-privezeme-i-pout\/","og_locale":"en_GB","og_type":"article","og_title":"Jsme partnerem Marketing Festival. P\u0159ivezeme i pou\u0165 | Magnas","og_description":"Jsme kreativn\u011b medi\u00e1ln\u00ed uskupen\u00ed propojuj\u00edc\u00ed medi\u00e1ln\u00ed a kreativn\u00ed slu\u017eby. Stav\u00edme na \u00fazk\u00e9m propojen\u00ed strategie, medi\u00e1ln\u00edho pl\u00e1nov\u00e1n\u00ed, offline i online v\u00fdkonu, kreativn\u00edch n\u00e1pad\u016f a produkce. Pom\u00e1h\u00e1me firm\u00e1m rozv\u00edjet p\u0159\u00edb\u011bh jejich zna\u010dky, p\u0159in\u00e1\u0161\u00edme strategick\u00fd pohled do jejich byznysu nebo \u201ejen\u201c pom\u00e1h\u00e1me r\u016fstu prodej\u016f. Ka\u017ed\u00e1 organizace m\u00e1 jin\u00e9 pot\u0159eby, pom\u00e1h\u00e1me spole\u010dn\u011b nastavit ty spr\u00e1vn\u00e9 c\u00edle.","og_url":"https:\/\/www.magnas.cz\/en\/jsme-partnerem-marketing-festival-privezeme-i-pout\/","og_site_name":"Magnas","article_publisher":"https:\/\/www.facebook.com\/magnasmedia\/","article_published_time":"2024-02-20T13:20:30+00:00","article_modified_time":"2024-12-16T14:45:14+00:00","og_image":[{"width":2289,"height":1422,"url":"https:\/\/www.magnas.cz\/wp-content\/uploads\/2024\/02\/Blok_detail.jpg","type":"image\/jpeg"}],"author":"Magnas","twitter_card":"summary_large_image","twitter_misc":{"Written by":"Magnas","Estimated reading time":"2 minutes"},"schema":{"@context":"https:\/\/schema.org","@graph":[{"@type":"Article","@id":"https:\/\/www.magnas.cz\/jsme-partnerem-marketing-festival-privezeme-i-pout\/#article","isPartOf":{"@id":"https:\/\/www.magnas.cz\/jsme-partnerem-marketing-festival-privezeme-i-pout\/"},"author":{"name":"Magnas","@id":"https:\/\/www.magnas.cz\/#\/schema\/person\/a6e92500a1ac041d3169d30c004786e1"},"headline":"Jsme partnerem Marketing Festival. P\u0159ivezeme i pou\u0165","datePublished":"2024-02-20T13:20:30+00:00","dateModified":"2024-12-16T14:45:14+00:00","mainEntityOfPage":{"@id":"https:\/\/www.magnas.cz\/jsme-partnerem-marketing-festival-privezeme-i-pout\/"},"wordCount":332,"publisher":{"@id":"https:\/\/www.magnas.cz\/#organization"},"image":{"@id":"https:\/\/www.magnas.cz\/jsme-partnerem-marketing-festival-privezeme-i-pout\/#primaryimage"},"thumbnailUrl":"https:\/\/www.magnas.cz\/wp-content\/uploads\/2024\/02\/Blok_detail.jpg","articleSection":["Neza\u0159azen\u00e9"],"inLanguage":"en-GB"},{"@type":"WebPage","@id":"https:\/\/www.magnas.cz\/jsme-partnerem-marketing-festival-privezeme-i-pout\/","url":"https:\/\/www.magnas.cz\/jsme-partnerem-marketing-festival-privezeme-i-pout\/","name":"Jsme partnerem Marketing Festival. P\u0159ivezeme i pou\u0165 | Magnas","isPartOf":{"@id":"https:\/\/www.magnas.cz\/#website"},"primaryImageOfPage":{"@id":"https:\/\/www.magnas.cz\/jsme-partnerem-marketing-festival-privezeme-i-pout\/#primaryimage"},"image":{"@id":"https:\/\/www.magnas.cz\/jsme-partnerem-marketing-festival-privezeme-i-pout\/#primaryimage"},"thumbnailUrl":"https:\/\/www.magnas.cz\/wp-content\/uploads\/2024\/02\/Blok_detail.jpg","datePublished":"2024-02-20T13:20:30+00:00","dateModified":"2024-12-16T14:45:14+00:00","description":"Jsme kreativn\u011b medi\u00e1ln\u00ed uskupen\u00ed propojuj\u00edc\u00ed medi\u00e1ln\u00ed a kreativn\u00ed slu\u017eby. Stav\u00edme na \u00fazk\u00e9m propojen\u00ed strategie, medi\u00e1ln\u00edho pl\u00e1nov\u00e1n\u00ed, offline i online v\u00fdkonu, kreativn\u00edch n\u00e1pad\u016f a produkce. Pom\u00e1h\u00e1me firm\u00e1m rozv\u00edjet p\u0159\u00edb\u011bh jejich zna\u010dky, p\u0159in\u00e1\u0161\u00edme strategick\u00fd pohled do jejich byznysu nebo \u201ejen\u201c pom\u00e1h\u00e1me r\u016fstu prodej\u016f. Ka\u017ed\u00e1 organizace m\u00e1 jin\u00e9 pot\u0159eby, pom\u00e1h\u00e1me spole\u010dn\u011b nastavit ty spr\u00e1vn\u00e9 c\u00edle.","breadcrumb":{"@id":"https:\/\/www.magnas.cz\/jsme-partnerem-marketing-festival-privezeme-i-pout\/#breadcrumb"},"inLanguage":"en-GB","potentialAction":[{"@type":"ReadAction","target":["https:\/\/www.magnas.cz\/jsme-partnerem-marketing-festival-privezeme-i-pout\/"]}]},{"@type":"ImageObject","inLanguage":"en-GB","@id":"https:\/\/www.magnas.cz\/jsme-partnerem-marketing-festival-privezeme-i-pout\/#primaryimage","url":"https:\/\/www.magnas.cz\/wp-content\/uploads\/2024\/02\/Blok_detail.jpg","contentUrl":"https:\/\/www.magnas.cz\/wp-content\/uploads\/2024\/02\/Blok_detail.jpg","width":2289,"height":1422},{"@type":"BreadcrumbList","@id":"https:\/\/www.magnas.cz\/jsme-partnerem-marketing-festival-privezeme-i-pout\/#breadcrumb","itemListElement":[{"@type":"ListItem","position":1,"name":"Dom\u016f","item":"https:\/\/www.magnas.cz\/"},{"@type":"ListItem","position":2,"name":"Jsme partnerem Marketing Festival. P\u0159ivezeme i pou\u0165"}]},{"@type":"WebSite","@id":"https:\/\/www.magnas.cz\/#website","url":"https:\/\/www.magnas.cz\/","name":"Magnas Media","description":"","publisher":{"@id":"https:\/\/www.magnas.cz\/#organization"},"alternateName":"Jsme t\u00fdm odborn\u00edk\u016f na brandov\u00e9 i v\u00fdkonnostn\u00ed strategie.","potentialAction":[{"@type":"SearchAction","target":{"@type":"EntryPoint","urlTemplate":"https:\/\/www.magnas.cz\/?s={search_term_string}"},"query-input":{"@type":"PropertyValueSpecification","valueRequired":true,"valueName":"search_term_string"}}],"inLanguage":"en-GB"},{"@type":"Organization","@id":"https:\/\/www.magnas.cz\/#organization","name":"Magnas Media s.r.o.","url":"https:\/\/www.magnas.cz\/","logo":{"@type":"ImageObject","inLanguage":"en-GB","@id":"https:\/\/www.magnas.cz\/#\/schema\/logo\/image\/","url":"https:\/\/www.magnas.cz\/wp-content\/uploads\/2025\/04\/Logo_Magnas_slogan_nadel_red_RGB-1.png","contentUrl":"https:\/\/www.magnas.cz\/wp-content\/uploads\/2025\/04\/Logo_Magnas_slogan_nadel_red_RGB-1.png","width":730,"height":142,"caption":"Magnas Media s.r.o."},"image":{"@id":"https:\/\/www.magnas.cz\/#\/schema\/logo\/image\/"},"sameAs":["https:\/\/www.facebook.com\/magnasmedia\/","https:\/\/www.instagram.com\/magnas.media\/"]},{"@type":"Person","@id":"https:\/\/www.magnas.cz\/#\/schema\/person\/a6e92500a1ac041d3169d30c004786e1","name":"Magnas","image":{"@type":"ImageObject","inLanguage":"en-GB","@id":"https:\/\/www.magnas.cz\/#\/schema\/person\/image\/","url":"https:\/\/secure.gravatar.com\/avatar\/74462af9aa7021b433ba6a95d633f3593996177474bf63c4723e2e09e6ff4c75?s=96&d=mm&r=g","contentUrl":"https:\/\/secure.gravatar.com\/avatar\/74462af9aa7021b433ba6a95d633f3593996177474bf63c4723e2e09e6ff4c75?s=96&d=mm&r=g","caption":"Magnas"},"url":"https:\/\/www.magnas.cz\/en\/author\/admin\/"}]}},"_links":{"self":[{"href":"https:\/\/www.magnas.cz\/en\/wp-json\/wp\/v2\/posts\/225759","targetHints":{"allow":["GET"]}}],"collection":[{"href":"https:\/\/www.magnas.cz\/en\/wp-json\/wp\/v2\/posts"}],"about":[{"href":"https:\/\/www.magnas.cz\/en\/wp-json\/wp\/v2\/types\/post"}],"author":[{"embeddable":true,"href":"https:\/\/www.magnas.cz\/en\/wp-json\/wp\/v2\/users\/2"}],"replies":[{"embeddable":true,"href":"https:\/\/www.magnas.cz\/en\/wp-json\/wp\/v2\/comments?post=225759"}],"version-history":[{"count":2,"href":"https:\/\/www.magnas.cz\/en\/wp-json\/wp\/v2\/posts\/225759\/revisions"}],"predecessor-version":[{"id":225763,"href":"https:\/\/www.magnas.cz\/en\/wp-json\/wp\/v2\/posts\/225759\/revisions\/225763"}],"wp:featuredmedia":[{"embeddable":true,"href":"https:\/\/www.magnas.cz\/en\/wp-json\/wp\/v2\/media\/225760"}],"wp:attachment":[{"href":"https:\/\/www.magnas.cz\/en\/wp-json\/wp\/v2\/media?parent=225759"}],"wp:term":[{"taxonomy":"category","embeddable":true,"href":"https:\/\/www.magnas.cz\/en\/wp-json\/wp\/v2\/categories?post=225759"},{"taxonomy":"post_tag","embeddable":true,"href":"https:\/\/www.magnas.cz\/en\/wp-json\/wp\/v2\/tags?post=225759"}],"curies":[{"name":"wp","href":"https:\/\/api.w.org\/{rel}","templated":true}]}}