{"id":234325,"date":"2025-08-18T15:27:39","date_gmt":"2025-08-18T13:27:39","guid":{"rendered":"https:\/\/www.magnas.cz\/?p=234325"},"modified":"2025-08-26T17:46:58","modified_gmt":"2025-08-26T15:46:58","slug":"marketing-do-vedeni-brand-management-2025-s-magnas-uz-30-zari","status":"publish","type":"post","link":"https:\/\/www.magnas.cz\/en\/marketing-do-vedeni-brand-management-2025-s-magnas-uz-30-zari\/","title":{"rendered":"Marketing do veden\u00ed! Brand Management 2025 s Magnas u\u017e 30. z\u00e1\u0159\u00ed"},"content":{"rendered":"<p>[et_pb_section fb_built=&#8220;1&#8243; _builder_version=&#8220;4.16&#8243; custom_padding=&#8220;||0px|||&#8220; global_colors_info=&#8220;{}&#8220;][et_pb_row _builder_version=&#8220;4.27.3&#8243; background_size=&#8220;initial&#8220; background_position=&#8220;top_left&#8220; background_repeat=&#8220;repeat&#8220; custom_padding=&#8220;||0px|||&#8220; global_colors_info=&#8220;{}&#8220;][et_pb_column type=&#8220;4_4&#8243; _builder_version=&#8220;4.16&#8243; custom_padding=&#8220;|||&#8220; global_colors_info=&#8220;{}&#8220; custom_padding__hover=&#8220;|||&#8220;][et_pb_text _builder_version=&#8220;4.27.4&#8243; background_size=&#8220;initial&#8220; background_position=&#8220;top_left&#8220; background_repeat=&#8220;repeat&#8220; custom_padding=&#8220;||0px|||&#8220; inline_fonts=&#8220;ABeeZee&#8220; global_colors_info=&#8220;{}&#8220;]<\/p>\n<p><strong><a href=\"https:\/\/www.brandmanagement.cz\/\">Konference Brand Management<\/a> m\u00e1 v \u010cesku dlouholetou tradici a pov\u011bst jedn\u00e9 z nejlep\u0161\u00edch marketingov\u00fdch akc\u00ed. Je to m\u00edsto, kde se byznysov\u00e1 realita potk\u00e1v\u00e1 s modern\u00edm pojet\u00edm marketingu. Ka\u017ed\u00fd rok p\u0159in\u00e1\u0161\u00ed aktu\u00e1ln\u00ed t\u00e9mata, inspirativn\u00ed \u0159e\u010dn\u00edky, a hlavn\u011b mo\u017enost sd\u00edlet zku\u0161enosti nap\u0159\u00ed\u010d obory.<\/strong><\/p>\n<p>[\/et_pb_text][\/et_pb_column][\/et_pb_row][et_pb_row _builder_version=&#8220;4.27.4&#8243; background_size=&#8220;initial&#8220; background_position=&#8220;top_left&#8220; background_repeat=&#8220;repeat&#8220; custom_padding=&#8220;||0px|||&#8220; global_colors_info=&#8220;{}&#8220;][et_pb_column type=&#8220;4_4&#8243; _builder_version=&#8220;4.16&#8243; custom_padding=&#8220;|||&#8220; global_colors_info=&#8220;{}&#8220; custom_padding__hover=&#8220;|||&#8220;][et_pb_text _builder_version=&#8220;4.27.4&#8243; background_size=&#8220;initial&#8220; background_position=&#8220;top_left&#8220; background_repeat=&#8220;repeat&#8220; custom_padding=&#8220;||0px|||&#8220; inline_fonts=&#8220;Abril Fatface&#8220; global_colors_info=&#8220;{}&#8220;]<\/p>\n<p><span style=\"font-weight: 400;\">Leto\u0161n\u00ed ro\u010dn\u00edk s mottem <\/span><b>\u201eMarketing do veden\u00ed\u201c<\/b><span style=\"font-weight: 400;\"> m\u00e1 jasn\u00e9 poselstv\u00ed: inovativn\u00ed marketingov\u00e1 komunikace nen\u00ed jen podp\u016frn\u00e1 funkce, ale strategick\u00fd hr\u00e1\u010d, kter\u00fd aktivn\u011b ovliv\u0148uje sm\u011b\u0159ov\u00e1n\u00ed zna\u010dky i cel\u00e9ho byznysu. \u010cek\u00e1 v\u00e1s inspirace, konkr\u00e9tn\u00ed data i diskuse o budoucnosti marketingu jako strategick\u00e9ho spojence veden\u00ed. <\/span><b>A my budeme u toho jako hlavn\u00ed partner akce.<\/b><\/p>\n<p><b><\/b><\/p>\n<h3><strong>Hlavn\u00ed program: Inspirace a data od \u0161pi\u010dek v oboru<\/strong><\/h3>\n<p><span style=\"font-weight: 400;\">Hlavn\u00ed konferen\u010dn\u00ed den prob\u011bhne v<\/span> <span style=\"font-weight: 400;\">pra\u017esk\u00e9m Cubex Centrum Praha 1. \u0159\u00edjna, kdy se m\u016f\u017eete t\u011b\u0161it na nabit\u00fd <\/span><a href=\"https:\/\/www.brandmanagement.cz\/program\"><span style=\"font-weight: 400;\">program<\/span><\/a><span style=\"font-weight: 400;\">:<\/span><b><\/b><\/p>\n<ul>\n<li style=\"font-weight: 400;\" aria-level=\"1\"><b>Thomas Barta<\/b><span style=\"font-weight: 400;\">, expert na marketingov\u00fd leadership ve sv\u00e9 keynote <\/span><b>\u201eBu\u010fte odv\u00e1\u017en\u00ed a ujm\u011bte se veden\u00ed\u201c<\/b><span style=\"font-weight: 400;\"> p\u0159edstav\u00ed poznatky z glob\u00e1ln\u00edho v\u00fdzkumu. Nab\u00eddne inspiraci pro ka\u017ed\u00e9ho, kdo chce marketing posunout bl\u00ed\u017ee k rozhodovac\u00edmu stolu.<\/span><\/li>\n<li style=\"font-weight: 400;\" aria-level=\"1\"><b>Sorin Patilinet<\/b><span style=\"font-weight: 400;\">, odborn\u00edk na efektivitu marketingu, se zam\u011b\u0159\u00ed na stav\u011bn\u00ed zna\u010dek podle \u201e7 div\u016f marketingov\u00e9 efektivity\u201c.<\/span><\/li>\n<li style=\"font-weight: 400;\" aria-level=\"1\"><b>Luk\u00e1\u0161 L\u00f6wy<\/b><span style=\"font-weight: 400;\">, managing director Knowlimits, otev\u0159e t\u00e9ma marketingov\u00fdch rozpo\u010dt\u016f jako investice do zna\u010dky, r\u016fstu, d\u016fv\u011bry i budouc\u00edho zisku.\u00a0<\/span><\/li>\n<li style=\"font-weight: 400;\" aria-level=\"1\"><span style=\"font-weight: 400;\">Mezi dal\u0161\u00edmi \u0159e\u010dn\u00edky vystoup\u00ed tak\u00e9 z\u00e1stupce zna\u010dek, kter\u00e9 se neboj\u00ed odv\u00e1\u017en\u00e9ho obsahu a neot\u0159el\u00fdch \u0159e\u0161en\u00ed: Charlotte Miles (IKEA), Marek Dvo\u0159\u00e1k (Dr. Max), Lenka Tenglerov\u00e1 (Kofola), Daniela Hlav\u00e1\u010dkov\u00e1 (Mars CEE) a dal\u0161\u00ed.<\/span><\/li>\n<\/ul>\n<p><span style=\"font-weight: 400;\">Cel\u00fd den uzav\u0159e neform\u00e1ln\u00ed blok s aktu\u00e1ln\u00edmi case studies z \u010desk\u00e9ho trhu.<\/span><\/p>\n<p><b>\u00a0<\/b><\/p>\n<h3><b>O den d\u0159\u00edve (nejen) s Magnas<\/b><b><\/b><\/h3>\n<p><span style=\"font-weight: 400;\">Program konference odstartuje u\u017e den p\u0159edem, <\/span><b>30. z\u00e1\u0159\u00ed<\/b><span style=\"font-weight: 400;\">, s doprovodn\u00fdmi odpoledn\u00edmi akcemi:<\/span><b><\/b><\/p>\n<ul>\n<li style=\"font-weight: 400;\" aria-level=\"1\"><b>Magnas uv\u00e1d\u00ed: Show Me The Money \/ Brand vs. Performance v praxi<\/b><span style=\"font-weight: 400;\"> \u2013 Exkluzivn\u00ed event je ur\u010den pouze pro n\u00e1mi pozvan\u00e9 hosty; pro ostatn\u00ed z\u00e1jemce s mo\u017enost\u00ed zapsat se na waiting list. Zam\u011b\u0159\u00edme se na aktu\u00e1ln\u00ed t\u00e9mata jako marketingov\u00e1 strategie a efektivita pl\u00e1nov\u00e1n\u00ed kampan\u00ed, spolupr\u00e1ce mezi agenturou a klientem, m\u011b\u0159itelnost a kreativita. Po debat\u011b s p\u0159edn\u00edmi odborn\u00edky bude n\u00e1sledovat neform\u00e1ln\u00ed networking u sklenky.<\/span><\/li>\n<li style=\"font-weight: 400;\" aria-level=\"1\"><b>Brand Gaming<\/b><span style=\"font-weight: 400;\"> \u2013 Tento blok se pono\u0159\u00ed do sv\u011bta gamingu a e-sportu. Z\u00e1stupci zna\u010dek jako Mastercard, Warhorse Studios a Bohemia Interactive se pod\u011bl\u00ed o sv\u00e9 zku\u0161enosti s budov\u00e1n\u00edm komunit a spoluprac\u00ed s hern\u00edmi studii.<\/span><\/li>\n<\/ul>\n<p><span style=\"font-weight: 400;\">Brand Management 2025 bude dvoudenn\u00ed koncentrace zaj\u00edmav\u00e9ho obsahu, diskuz\u00ed a marketingov\u00e9 odvahy. A pokud jste mezi zvan\u00fdmi hosty Magnas, t\u011b\u0161\u00edme se na vid\u011bnou u\u017e v \u00fater\u00fd 30. z\u00e1\u0159\u00ed!<\/span><\/p>\n<p>[\/et_pb_text][et_pb_text _builder_version=&#8220;4.27.4&#8243; _module_preset=&#8220;default&#8220; link_option_url=&#8220;https:\/\/www.magnas.cz\/wp-content\/uploads\/2025\/08\/Program_26.8.pdf&#8220; link_option_url_new_window=&#8220;on&#8220; global_colors_info=&#8220;{}&#8220; custom_padding=&#8220;30px|||||&#8220;]<\/p>\n<p style=\"text-align: center;\"><strong>St\u00e1hn\u011bte si kompletn\u00ed program s medailonky speaker\u016f<\/strong><\/p>\n<p style=\"text-align: center;\"><strong><\/strong><\/p>\n<p style=\"text-align: center;\"><strong><img loading=\"lazy\" decoding=\"async\" src=\"https:\/\/www.magnas.cz\/wp-content\/uploads\/2025\/08\/pdf-ikona-300x297.png\" width=\"150\" height=\"297\" alt=\"\" class=\"wp-image-234357 size-medium\" \/><\/strong><\/p>\n<p>[\/et_pb_text][\/et_pb_column][\/et_pb_row][et_pb_row _builder_version=&#8220;4.27.3&#8243; background_size=&#8220;initial&#8220; background_position=&#8220;top_left&#8220; background_repeat=&#8220;repeat&#8220; custom_padding=&#8220;||0px|||&#8220; global_colors_info=&#8220;{}&#8220;][et_pb_column type=&#8220;4_4&#8243; _builder_version=&#8220;4.16&#8243; custom_padding=&#8220;|||&#8220; global_colors_info=&#8220;{}&#8220; custom_padding__hover=&#8220;|||&#8220;][et_pb_text _builder_version=&#8220;4.27.4&#8243; background_size=&#8220;initial&#8220; background_position=&#8220;top_left&#8220; background_repeat=&#8220;repeat&#8220; custom_padding=&#8220;||0px|||&#8220; global_colors_info=&#8220;{}&#8220;]<\/p>\n<p><strong style=\"font-size: 16px;\">Pro v\u00edce informac\u00ed ze sv\u011bta marketingu n\u00e1s nezapome\u0148te sledovat na\u00a0<a href=\"https:\/\/www.instagram.com\/magnas.media\/\">Instagramu<\/a>\u00a0\u010di\u00a0<a href=\"https:\/\/cz.linkedin.com\/company\/magnascz\">LinkedIn<\/a>.\u00a0<\/strong><\/p>\n<blockquote><\/blockquote>\n<p><strong><\/strong><\/p>\n<p>[\/et_pb_text][\/et_pb_column][\/et_pb_row][\/et_pb_section]<\/p>","protected":false},"excerpt":{"rendered":"<p>Konference Brand Management m\u00e1 v \u010cesku dlouholetou tradici a pov\u011bst jedn\u00e9 z nejlep\u0161\u00edch marketingov\u00fdch akc\u00ed. Je to m\u00edsto, kde se byznysov\u00e1 realita potk\u00e1v\u00e1 s modern\u00edm pojet\u00edm marketingu. Ka\u017ed\u00fd rok p\u0159in\u00e1\u0161\u00ed aktu\u00e1ln\u00ed t\u00e9mata, inspirativn\u00ed \u0159e\u010dn\u00edky, a hlavn\u011b mo\u017enost sd\u00edlet zku\u0161enosti nap\u0159\u00ed\u010d obory.Leto\u0161n\u00ed ro\u010dn\u00edk s mottem \u201eMarketing do veden\u00ed\u201c m\u00e1 jasn\u00e9 poselstv\u00ed: inovativn\u00ed marketingov\u00e1 komunikace nen\u00ed jen [&hellip;]<\/p>","protected":false},"author":2,"featured_media":234327,"comment_status":"closed","ping_status":"open","sticky":false,"template":"","format":"standard","meta":{"_et_pb_use_builder":"on","_et_pb_old_content":"<!-- wp:paragraph -->\n<p><strong>P\u0159edposledn\u00ed \u00fanorov\u00fd t\u00fdden se Brno prom\u011bnilo ve zlatou lo\u010f marketingu. A my jsme u toho nemohli chyb\u011bt, zvl\u00e1\u0161t\u011b kdy\u017e jsme letos ji\u017e pot\u0159et\u00ed zaujali pozici partnera festivalu. Je\u0161t\u011b plni dojm\u016f p\u0159in\u00e1\u0161\u00edme p\u00e1r post\u0159eh\u016f z paluby i z podpalub\u00ed, kde jsme rozlo\u017eili n\u00e1\u0161 Magnas pou\u0165ov\u00fd st\u00e1nek.<\/strong><br><\/p>\n<!-- \/wp:paragraph -->\n\n<!-- wp:paragraph -->\n<p>Akci zah\u00e1jila \u00fatern\u00ed exkluzivn\u00ed party v pivovaru Harry, kter\u00e1 byla prvn\u00ed p\u0159\u00edle\u017eitost\u00ed k neform\u00e1ln\u00edmu networkingu. St\u0159eda pak pat\u0159ila t\u011bm, kte\u0159\u00ed to prvn\u00ed ve\u010der p\u0159\u00edli\u0161 nep\u0159ehnali a m\u011bli v kapse vstupenku na jeden z velmi \u017e\u00e1dan\u00fdch a rychlost\u00ed blesku vyprodan\u00fdch workshop\u016f. T\u00e9mata byla opravdu pestr\u00e1, od produktov\u00e9 analytiky a\u017e po vyu\u017eit\u00ed trendu na TikToku pro budov\u00e1n\u00ed zna\u010dky.<\/p>\n<!-- \/wp:paragraph -->\n\n<!-- wp:paragraph -->\n<p>\u010clen\u016fm na\u0161eho PPC t\u00fdmu se zada\u0159ilo z\u00fa\u010dastnit se workshopu Honzy Barto\u0161e, kter\u00fd se v\u011bnoval nastaven\u00ed strategii v\u00fdkonnostn\u00edch Facebook a Instagram reklam pro leto\u0161n\u00ed rok. V r\u00e1mci dopoledn\u00edho bloku \u0161kolen\u00ed se v\u011bnovali kl\u00ed\u010dov\u00e9mu t\u00e9matu, kter\u00fdm je p\u0159\u00edstup k aktu\u00e1ln\u00edm trend\u016fm v oblasti v\u00fdkonnostn\u00edch kampan\u00ed na META platform\u00e1ch, se zvl\u00e1\u0161tn\u00edm zam\u011b\u0159en\u00edm na m\u00f3dn\u00ed segment. Workshop od n\u00e1s dost\u00e1v\u00e1 plusov\u00e9 body za praktick\u00e9 rady, kter\u00e9 pomohou efektivn\u011bji vyu\u017e\u00edvat tyto platformy pro zv\u00fd\u0161en\u00ed v\u00fdkonu online kampan\u00ed, pota\u017emo e-shop\u016f.&nbsp;<\/p>\n<!-- \/wp:paragraph -->\n\n<!-- wp:paragraph -->\n<p>Inspirativn\u00ed pohled na problematiku brandu p\u0159inesla Anna Mejsnarov\u00e1 ve workshopu I mal\u00e1 zna\u010dka m\u016f\u017ee zaz\u00e1\u0159it. Odnesli jsme si z n\u011bj poznatek, \u017ee zna\u010dky nesm\u00ed ztr\u00e1cet odvahu se odli\u0161it, a to zvl\u00e1\u0161t\u011b dnes, kdy jsme denn\u011b vystaveni des\u00edtce tis\u00edc reklamn\u00edch sd\u011blen\u00ed.<\/p>\n<!-- \/wp:paragraph -->\n\n<!-- wp:paragraph -->\n<p>Workhop Svat\u00fd gr\u00e1l marketingov\u00e9 analytiky: Inkrementalita, Atribuce a MMM<\/p>\n<!-- \/wp:paragraph -->\n\n<!-- wp:paragraph -->\n<p>v pod\u00e1n\u00ed p\u00e1n\u016f Jaroslava Slavi\u010dinsk\u00e9ho a Marka Kobulsk\u00e9ho nab\u00eddl komplexn\u00ed vhled do kl\u00ed\u010dov\u00fdch aspekt\u016f efektivn\u00edho hodnocen\u00ed marketingov\u00fdch investic. \u00da\u010dastn\u00edci se v\u011bnovali hodnocen\u00ed brandov\u00fdch i performance aktivit, v\u010detn\u011b jejich siln\u00fdch a slab\u00fdch str\u00e1nek z pohledu implementace do re\u00e1ln\u00e9ho prost\u0159ed\u00ed. Diskutovalo se o rozd\u00edlech mezi atribu\u010dn\u00edm modelov\u00e1n\u00edm a Marketing Mix Modelingem (MMM) i o tom, jak vyhodnotit offline nebo brandovou kampa\u0148 s ohledem na sez\u00f3nu, po\u010das\u00ed, konkurenci a dal\u0161\u00ed faktory, jako jsou standardn\u00ed prodeje (baseline), a pod\u00edvali jsme se na to, jak\u00fd m\u00e1 re\u00e1ln\u00fd dopad situace, kdy nejsou podporov\u00e1ny kampan\u00ed. V\u0161e je zkr\u00e1tka o datech, kter\u00e1 v Magnas m\u00e1me r\u00e1di. Mizej\u00edc\u00edmi cookies n\u00e1s nedostanou!<\/p>\n<!-- \/wp:paragraph -->\n\n<!-- wp:paragraph -->\n<p>Na workshopu zam\u011b\u0159en\u00e9m na B2B a SaaS p\u0159edstavili Radek Hud\u00e1k a Lukas Mehnert na strategii kampan\u00ed Shoptetu a Smartlookum, jak se lze dostat \u201eZ 0 na 100 milion\u016f do 5 let\u201c. Ocenili jsme, \u017ee nab\u00eddli pohled na netradi\u010dn\u00ed marketingov\u00e9 kan\u00e1ly typick\u00e9 pro toto odv\u011btv\u00ed.<\/p>\n<!-- \/wp:paragraph -->\n\n<!-- wp:paragraph -->\n<p><br>Za kreativn\u00ed t\u00fdm hodnot\u00edme jako jeden z nejlep\u0161\u00edch st\u0159ede\u010dn\u00edch po\u010din\u016f workshop Marketoonisty Toma Fishburna, kter\u00fd n\u00e1m poodhalil tajemstv\u00ed techniky vizu\u00e1ln\u00edho vypr\u00e1v\u011bn\u00ed. Prakticky jsme si vyzkou\u0161eli, jak pomoc\u00ed tu\u017eky a pap\u00edru p\u0159iv\u00e9st n\u00e1pady k \u017eivotu a posl\u00e9ze je poutav\u011b odprezentovat.<\/p>\n<!-- \/wp:paragraph -->\n\n<!-- wp:paragraph -->\n<p>Kdo zvl\u00e1dl ve zdrav\u00ed no\u010dn\u00ed tah sp\u0159\u00e1telen\u00fdmi podniky Nov\u00fd Whisk\u00e1\u010d, 4pokoje, Bar, kter\u00fd neexistuje a bar Slast, mohl si vychutnat \u010dtvrte\u010dn\u00ed hv\u011bzdnou sestavu p\u0159edn\u00e1\u0161ej\u00edc\u00edch na celodenn\u00ed konferenci. Co n\u00e1s zaujalo?&nbsp;&nbsp;<\/p>\n<!-- \/wp:paragraph -->\n\n<!-- wp:paragraph -->\n<p>Sv\u011btov\u011b uzn\u00e1van\u00e1 inov\u00e1torka a expertka v oboru Decision Science Cassie Kozyrkov osv\u011btlila vyu\u017eit\u00ed datov\u00e9 v\u011bdy v marketingu a zp\u016fsob, jak mohou data zm\u011bnit p\u0159\u00edstup firem k z\u00e1kazn\u00edk\u016fm.<\/p>\n<!-- \/wp:paragraph -->\n\n<!-- wp:paragraph -->\n<p>Scott Brinker z Hubspotu se zam\u011b\u0159il na v\u00fdvoj marketingov\u00fdch technologi\u00ed a na to, jak tyto n\u00e1stroje mohou pomoci marketingov\u00fdm t\u00fdm\u016fm k v\u011bt\u0161\u00ed efektivit\u011b.<\/p>\n<!-- \/wp:paragraph -->\n\n<!-- wp:paragraph -->\n<p>V\u00fdzkumn\u00e1 profesorka Ehrenberg-Bass Institutu na Univerzit\u011b Ji\u017en\u00ed Austr\u00e1lie Jenni Romaniuk nab\u00eddla pohled na budov\u00e1n\u00ed zna\u010dek a na to, jak v\u011bdeck\u00fd p\u0159\u00edstup k brandingu m\u016f\u017ee v\u00e9st k lep\u0161\u00edmu pochopen\u00ed z\u00e1kazn\u00edk\u016f. Je n\u00e1m ct\u00ed, \u017ee pan\u00ed profesorka v\u011bnovala Magnas svou knihu, tak\u017ee se m\u016f\u017eeme ve voln\u00fdch chv\u00edl\u00edch no\u0159it do hlubin datov\u00e9 psychologie.<\/p>\n<!-- \/wp:paragraph -->\n\n<!-- wp:paragraph -->\n<p>Tom Fishburne, zn\u00e1m\u00fd jako Marketoonist, uk\u00e1zal, jak\u00fdm zp\u016fsobem m\u016f\u017ee storytelling a obecn\u011b humor v marketingu zlep\u0161it zapojen\u00ed z\u00e1kazn\u00edk\u016f. Mimo jin\u00e9 zm\u00ednil, \u017ee je lep\u0161\u00ed \u017e\u00e1dn\u00e1 ne\u017e \u0161patn\u00e1 personalizace, a v tom s n\u00edm rozhodn\u011b souhlas\u00edme.<\/p>\n<!-- \/wp:paragraph -->\n\n<!-- wp:paragraph -->\n<p>Steen Rasmussen z IIH Nordic sd\u00edlel sv\u00e9 zku\u0161enosti s inovacemi v oblasti dat a vysv\u011btlil, jak mohou tyto inovace ovlivnit marketingov\u00e9 strategie.<\/p>\n<!-- \/wp:paragraph -->\n\n<!-- wp:paragraph -->\n<p>Richard Shotton, konzultant a odborn\u00edk v aplikaci behavior\u00e1ln\u00edch v\u011bd, mnoh\u00e9 p\u0159ekvapil poznatky ohledn\u011b motivac\u00ed k lidsk\u00fdm rozhodnut\u00edm a demonstroval to na moha konkr\u00e9tn\u00edch p\u0159\u00edkladech.<\/p>\n<!-- \/wp:paragraph -->\n\n<!-- wp:paragraph -->\n<p>Andr\u00e9 Morys, zakladatele a CEO spole\u010dnosti konversionsKRAFT, skv\u011ble uchopil t\u00e9ma P\u0159izp\u016fsob se, nebo zem\u0159i. Nabil publikum sv\u00fdm skv\u011bl\u00fdm smyslem pro humor a velmi relevantn\u00edmi post\u0159ehy. Ve zkratce: Nebojte se selhat, b\u00fdt agiln\u00ed, testovat, ov\u011b\u0159ovat, \u0159\u00eddit se daty a m\u011bnit chov\u00e1n\u00ed. V dne\u0161n\u00ed dob\u011b je to jedin\u00e1 cesta jak se prosadit a usp\u011bt.<\/p>\n<!-- \/wp:paragraph -->\n\n<!-- wp:paragraph -->\n<p>Po celou dobu konference jsme byli host\u016fm k dispozici na na\u0161em Magnas pou\u0165ov\u00e9m st\u00e1nku, kter\u00fd l\u00e1kal nejen na laserovou st\u0159elnici, kolo \u0161t\u011bst\u00ed a p\u00e1rky v rohl\u00edku, ale i na seri\u00f3zn\u00ed debatu ohledn\u011b \u0161\u00ed\u0159e na\u0161ich slu\u017eeb a realizovan\u00fdch projekt\u016f. B\u011bhem toho nebyl nikdo zran\u011bn, z\u00e1jemci si rozebrali v\u0161echny ply\u0161ov\u00e9 medv\u00eddky a nav\u00e1zali jsme mnoho kontakt\u016f, na jejich\u017e prohlouben\u00ed v n\u00e1sleduj\u00edc\u00edm obdob\u00ed se moc t\u011b\u0161\u00edme.<\/p>\n<!-- \/wp:paragraph -->\n\n<!-- wp:paragraph -->\n<p>Ze z\u00e1v\u011bre\u010dn\u00e9ho ve\u010d\u00edrku na Fl\u00e9d\u011b si toho, a\u017e na DJ Ventolina, moc nepamatujeme. U\u017e se t\u011b\u0161\u00edme na p\u0159\u00ed\u0161t\u00ed ro\u010dn\u00edk akce, kter\u00fd v dubnu 2025 bude des\u00e1t\u00fdm jubilejn\u00edm a bez pochyby nem\u00e9n\u011b vyda\u0159en\u00fdm.<\/p>\n<!-- \/wp:paragraph -->","_et_gb_content_width":"1080","footnotes":""},"categories":[1],"tags":[],"class_list":["post-234325","post","type-post","status-publish","format-standard","has-post-thumbnail","hentry","category-nezarazene"],"yoast_head":"<!-- This site is optimized with the Yoast SEO plugin v26.9 - https:\/\/yoast.com\/product\/yoast-seo-wordpress\/ -->\n<title>Marketing do veden\u00ed! Brand Management 2025 s Magnas u\u017e 30. z\u00e1\u0159\u00ed | Magnas<\/title>\n<meta name=\"description\" content=\"Jsme kreativn\u011b medi\u00e1ln\u00ed uskupen\u00ed propojuj\u00edc\u00ed medi\u00e1ln\u00ed a kreativn\u00ed slu\u017eby. Stav\u00edme na \u00fazk\u00e9m propojen\u00ed strategie, medi\u00e1ln\u00edho pl\u00e1nov\u00e1n\u00ed, offline i online v\u00fdkonu, kreativn\u00edch n\u00e1pad\u016f a produkce. Pom\u00e1h\u00e1me firm\u00e1m rozv\u00edjet p\u0159\u00edb\u011bh jejich zna\u010dky, p\u0159in\u00e1\u0161\u00edme strategick\u00fd pohled do jejich byznysu nebo \u201ejen\u201c pom\u00e1h\u00e1me r\u016fstu prodej\u016f. Ka\u017ed\u00e1 organizace m\u00e1 jin\u00e9 pot\u0159eby, pom\u00e1h\u00e1me spole\u010dn\u011b nastavit ty spr\u00e1vn\u00e9 c\u00edle.\" \/>\n<meta name=\"robots\" content=\"index, follow, max-snippet:-1, max-image-preview:large, max-video-preview:-1\" \/>\n<link rel=\"canonical\" href=\"https:\/\/www.magnas.cz\/en\/marketing-do-vedeni-brand-management-2025-s-magnas-uz-30-zari\/\" \/>\n<meta property=\"og:locale\" content=\"en_GB\" \/>\n<meta property=\"og:type\" content=\"article\" \/>\n<meta property=\"og:title\" content=\"Marketing do veden\u00ed! Brand Management 2025 s Magnas u\u017e 30. z\u00e1\u0159\u00ed | Magnas\" \/>\n<meta property=\"og:description\" content=\"Jsme kreativn\u011b medi\u00e1ln\u00ed uskupen\u00ed propojuj\u00edc\u00ed medi\u00e1ln\u00ed a kreativn\u00ed slu\u017eby. Stav\u00edme na \u00fazk\u00e9m propojen\u00ed strategie, medi\u00e1ln\u00edho pl\u00e1nov\u00e1n\u00ed, offline i online v\u00fdkonu, kreativn\u00edch n\u00e1pad\u016f a produkce. Pom\u00e1h\u00e1me firm\u00e1m rozv\u00edjet p\u0159\u00edb\u011bh jejich zna\u010dky, p\u0159in\u00e1\u0161\u00edme strategick\u00fd pohled do jejich byznysu nebo \u201ejen\u201c pom\u00e1h\u00e1me r\u016fstu prodej\u016f. Ka\u017ed\u00e1 organizace m\u00e1 jin\u00e9 pot\u0159eby, pom\u00e1h\u00e1me spole\u010dn\u011b nastavit ty spr\u00e1vn\u00e9 c\u00edle.\" \/>\n<meta property=\"og:url\" content=\"https:\/\/www.magnas.cz\/en\/marketing-do-vedeni-brand-management-2025-s-magnas-uz-30-zari\/\" \/>\n<meta property=\"og:site_name\" content=\"Magnas\" \/>\n<meta property=\"article:publisher\" content=\"https:\/\/www.facebook.com\/magnasmedia\/\" \/>\n<meta property=\"article:published_time\" content=\"2025-08-18T13:27:39+00:00\" \/>\n<meta property=\"article:modified_time\" content=\"2025-08-26T15:46:58+00:00\" \/>\n<meta property=\"og:image\" content=\"https:\/\/www.magnas.cz\/wp-content\/uploads\/2025\/08\/Blog_2160x1346_Show_me_the_money.png\" \/>\n\t<meta property=\"og:image:width\" content=\"2160\" \/>\n\t<meta property=\"og:image:height\" content=\"1346\" \/>\n\t<meta property=\"og:image:type\" content=\"image\/png\" \/>\n<meta name=\"author\" content=\"Magnas\" \/>\n<meta name=\"twitter:card\" content=\"summary_large_image\" \/>\n<meta name=\"twitter:label1\" content=\"Written by\" \/>\n\t<meta name=\"twitter:data1\" content=\"Magnas\" \/>\n\t<meta name=\"twitter:label2\" content=\"Estimated reading time\" \/>\n\t<meta name=\"twitter:data2\" content=\"2 minutes\" \/>\n<script type=\"application\/ld+json\" class=\"yoast-schema-graph\">{\"@context\":\"https:\/\/schema.org\",\"@graph\":[{\"@type\":\"Article\",\"@id\":\"https:\/\/www.magnas.cz\/marketing-do-vedeni-brand-management-2025-s-magnas-uz-30-zari\/#article\",\"isPartOf\":{\"@id\":\"https:\/\/www.magnas.cz\/marketing-do-vedeni-brand-management-2025-s-magnas-uz-30-zari\/\"},\"author\":{\"name\":\"Magnas\",\"@id\":\"https:\/\/www.magnas.cz\/#\/schema\/person\/a6e92500a1ac041d3169d30c004786e1\"},\"headline\":\"Marketing do veden\u00ed! Brand Management 2025 s Magnas u\u017e 30. z\u00e1\u0159\u00ed\",\"datePublished\":\"2025-08-18T13:27:39+00:00\",\"dateModified\":\"2025-08-26T15:46:58+00:00\",\"mainEntityOfPage\":{\"@id\":\"https:\/\/www.magnas.cz\/marketing-do-vedeni-brand-management-2025-s-magnas-uz-30-zari\/\"},\"wordCount\":761,\"publisher\":{\"@id\":\"https:\/\/www.magnas.cz\/#organization\"},\"image\":{\"@id\":\"https:\/\/www.magnas.cz\/marketing-do-vedeni-brand-management-2025-s-magnas-uz-30-zari\/#primaryimage\"},\"thumbnailUrl\":\"https:\/\/www.magnas.cz\/wp-content\/uploads\/2025\/08\/Blog_2160x1346_Show_me_the_money.png\",\"articleSection\":[\"Neza\u0159azen\u00e9\"],\"inLanguage\":\"en-GB\"},{\"@type\":\"WebPage\",\"@id\":\"https:\/\/www.magnas.cz\/marketing-do-vedeni-brand-management-2025-s-magnas-uz-30-zari\/\",\"url\":\"https:\/\/www.magnas.cz\/marketing-do-vedeni-brand-management-2025-s-magnas-uz-30-zari\/\",\"name\":\"Marketing do veden\u00ed! Brand Management 2025 s Magnas u\u017e 30. z\u00e1\u0159\u00ed | Magnas\",\"isPartOf\":{\"@id\":\"https:\/\/www.magnas.cz\/#website\"},\"primaryImageOfPage\":{\"@id\":\"https:\/\/www.magnas.cz\/marketing-do-vedeni-brand-management-2025-s-magnas-uz-30-zari\/#primaryimage\"},\"image\":{\"@id\":\"https:\/\/www.magnas.cz\/marketing-do-vedeni-brand-management-2025-s-magnas-uz-30-zari\/#primaryimage\"},\"thumbnailUrl\":\"https:\/\/www.magnas.cz\/wp-content\/uploads\/2025\/08\/Blog_2160x1346_Show_me_the_money.png\",\"datePublished\":\"2025-08-18T13:27:39+00:00\",\"dateModified\":\"2025-08-26T15:46:58+00:00\",\"description\":\"Jsme kreativn\u011b medi\u00e1ln\u00ed uskupen\u00ed propojuj\u00edc\u00ed medi\u00e1ln\u00ed a kreativn\u00ed slu\u017eby. Stav\u00edme na \u00fazk\u00e9m propojen\u00ed strategie, medi\u00e1ln\u00edho pl\u00e1nov\u00e1n\u00ed, offline i online v\u00fdkonu, kreativn\u00edch n\u00e1pad\u016f a produkce. Pom\u00e1h\u00e1me firm\u00e1m rozv\u00edjet p\u0159\u00edb\u011bh jejich zna\u010dky, p\u0159in\u00e1\u0161\u00edme strategick\u00fd pohled do jejich byznysu nebo \u201ejen\u201c pom\u00e1h\u00e1me r\u016fstu prodej\u016f. Ka\u017ed\u00e1 organizace m\u00e1 jin\u00e9 pot\u0159eby, pom\u00e1h\u00e1me spole\u010dn\u011b nastavit ty spr\u00e1vn\u00e9 c\u00edle.\",\"breadcrumb\":{\"@id\":\"https:\/\/www.magnas.cz\/marketing-do-vedeni-brand-management-2025-s-magnas-uz-30-zari\/#breadcrumb\"},\"inLanguage\":\"en-GB\",\"potentialAction\":[{\"@type\":\"ReadAction\",\"target\":[\"https:\/\/www.magnas.cz\/marketing-do-vedeni-brand-management-2025-s-magnas-uz-30-zari\/\"]}]},{\"@type\":\"ImageObject\",\"inLanguage\":\"en-GB\",\"@id\":\"https:\/\/www.magnas.cz\/marketing-do-vedeni-brand-management-2025-s-magnas-uz-30-zari\/#primaryimage\",\"url\":\"https:\/\/www.magnas.cz\/wp-content\/uploads\/2025\/08\/Blog_2160x1346_Show_me_the_money.png\",\"contentUrl\":\"https:\/\/www.magnas.cz\/wp-content\/uploads\/2025\/08\/Blog_2160x1346_Show_me_the_money.png\",\"width\":2160,\"height\":1346},{\"@type\":\"BreadcrumbList\",\"@id\":\"https:\/\/www.magnas.cz\/marketing-do-vedeni-brand-management-2025-s-magnas-uz-30-zari\/#breadcrumb\",\"itemListElement\":[{\"@type\":\"ListItem\",\"position\":1,\"name\":\"Dom\u016f\",\"item\":\"https:\/\/www.magnas.cz\/\"},{\"@type\":\"ListItem\",\"position\":2,\"name\":\"Marketing do veden\u00ed! Brand Management 2025 s Magnas u\u017e 30. z\u00e1\u0159\u00ed\"}]},{\"@type\":\"WebSite\",\"@id\":\"https:\/\/www.magnas.cz\/#website\",\"url\":\"https:\/\/www.magnas.cz\/\",\"name\":\"Magnas Media\",\"description\":\"\",\"publisher\":{\"@id\":\"https:\/\/www.magnas.cz\/#organization\"},\"alternateName\":\"Jsme t\u00fdm odborn\u00edk\u016f na brandov\u00e9 i v\u00fdkonnostn\u00ed strategie.\",\"potentialAction\":[{\"@type\":\"SearchAction\",\"target\":{\"@type\":\"EntryPoint\",\"urlTemplate\":\"https:\/\/www.magnas.cz\/?s={search_term_string}\"},\"query-input\":{\"@type\":\"PropertyValueSpecification\",\"valueRequired\":true,\"valueName\":\"search_term_string\"}}],\"inLanguage\":\"en-GB\"},{\"@type\":\"Organization\",\"@id\":\"https:\/\/www.magnas.cz\/#organization\",\"name\":\"Magnas Media s.r.o.\",\"url\":\"https:\/\/www.magnas.cz\/\",\"logo\":{\"@type\":\"ImageObject\",\"inLanguage\":\"en-GB\",\"@id\":\"https:\/\/www.magnas.cz\/#\/schema\/logo\/image\/\",\"url\":\"https:\/\/www.magnas.cz\/wp-content\/uploads\/2025\/04\/Logo_Magnas_slogan_nadel_red_RGB-1.png\",\"contentUrl\":\"https:\/\/www.magnas.cz\/wp-content\/uploads\/2025\/04\/Logo_Magnas_slogan_nadel_red_RGB-1.png\",\"width\":730,\"height\":142,\"caption\":\"Magnas Media s.r.o.\"},\"image\":{\"@id\":\"https:\/\/www.magnas.cz\/#\/schema\/logo\/image\/\"},\"sameAs\":[\"https:\/\/www.facebook.com\/magnasmedia\/\",\"https:\/\/www.instagram.com\/magnas.media\/\"]},{\"@type\":\"Person\",\"@id\":\"https:\/\/www.magnas.cz\/#\/schema\/person\/a6e92500a1ac041d3169d30c004786e1\",\"name\":\"Magnas\",\"image\":{\"@type\":\"ImageObject\",\"inLanguage\":\"en-GB\",\"@id\":\"https:\/\/www.magnas.cz\/#\/schema\/person\/image\/\",\"url\":\"https:\/\/secure.gravatar.com\/avatar\/74462af9aa7021b433ba6a95d633f3593996177474bf63c4723e2e09e6ff4c75?s=96&d=mm&r=g\",\"contentUrl\":\"https:\/\/secure.gravatar.com\/avatar\/74462af9aa7021b433ba6a95d633f3593996177474bf63c4723e2e09e6ff4c75?s=96&d=mm&r=g\",\"caption\":\"Magnas\"},\"url\":\"https:\/\/www.magnas.cz\/en\/author\/admin\/\"}]}<\/script>\n<!-- \/ Yoast SEO plugin. -->","yoast_head_json":{"title":"Marketing do veden\u00ed! Brand Management 2025 s Magnas u\u017e 30. z\u00e1\u0159\u00ed | Magnas","description":"Jsme kreativn\u011b medi\u00e1ln\u00ed uskupen\u00ed propojuj\u00edc\u00ed medi\u00e1ln\u00ed a kreativn\u00ed slu\u017eby. Stav\u00edme na \u00fazk\u00e9m propojen\u00ed strategie, medi\u00e1ln\u00edho pl\u00e1nov\u00e1n\u00ed, offline i online v\u00fdkonu, kreativn\u00edch n\u00e1pad\u016f a produkce. Pom\u00e1h\u00e1me firm\u00e1m rozv\u00edjet p\u0159\u00edb\u011bh jejich zna\u010dky, p\u0159in\u00e1\u0161\u00edme strategick\u00fd pohled do jejich byznysu nebo \u201ejen\u201c pom\u00e1h\u00e1me r\u016fstu prodej\u016f. Ka\u017ed\u00e1 organizace m\u00e1 jin\u00e9 pot\u0159eby, pom\u00e1h\u00e1me spole\u010dn\u011b nastavit ty spr\u00e1vn\u00e9 c\u00edle.","robots":{"index":"index","follow":"follow","max-snippet":"max-snippet:-1","max-image-preview":"max-image-preview:large","max-video-preview":"max-video-preview:-1"},"canonical":"https:\/\/www.magnas.cz\/en\/marketing-do-vedeni-brand-management-2025-s-magnas-uz-30-zari\/","og_locale":"en_GB","og_type":"article","og_title":"Marketing do veden\u00ed! Brand Management 2025 s Magnas u\u017e 30. z\u00e1\u0159\u00ed | Magnas","og_description":"Jsme kreativn\u011b medi\u00e1ln\u00ed uskupen\u00ed propojuj\u00edc\u00ed medi\u00e1ln\u00ed a kreativn\u00ed slu\u017eby. Stav\u00edme na \u00fazk\u00e9m propojen\u00ed strategie, medi\u00e1ln\u00edho pl\u00e1nov\u00e1n\u00ed, offline i online v\u00fdkonu, kreativn\u00edch n\u00e1pad\u016f a produkce. Pom\u00e1h\u00e1me firm\u00e1m rozv\u00edjet p\u0159\u00edb\u011bh jejich zna\u010dky, p\u0159in\u00e1\u0161\u00edme strategick\u00fd pohled do jejich byznysu nebo \u201ejen\u201c pom\u00e1h\u00e1me r\u016fstu prodej\u016f. Ka\u017ed\u00e1 organizace m\u00e1 jin\u00e9 pot\u0159eby, pom\u00e1h\u00e1me spole\u010dn\u011b nastavit ty spr\u00e1vn\u00e9 c\u00edle.","og_url":"https:\/\/www.magnas.cz\/en\/marketing-do-vedeni-brand-management-2025-s-magnas-uz-30-zari\/","og_site_name":"Magnas","article_publisher":"https:\/\/www.facebook.com\/magnasmedia\/","article_published_time":"2025-08-18T13:27:39+00:00","article_modified_time":"2025-08-26T15:46:58+00:00","og_image":[{"width":2160,"height":1346,"url":"https:\/\/www.magnas.cz\/wp-content\/uploads\/2025\/08\/Blog_2160x1346_Show_me_the_money.png","type":"image\/png"}],"author":"Magnas","twitter_card":"summary_large_image","twitter_misc":{"Written by":"Magnas","Estimated reading time":"2 minutes"},"schema":{"@context":"https:\/\/schema.org","@graph":[{"@type":"Article","@id":"https:\/\/www.magnas.cz\/marketing-do-vedeni-brand-management-2025-s-magnas-uz-30-zari\/#article","isPartOf":{"@id":"https:\/\/www.magnas.cz\/marketing-do-vedeni-brand-management-2025-s-magnas-uz-30-zari\/"},"author":{"name":"Magnas","@id":"https:\/\/www.magnas.cz\/#\/schema\/person\/a6e92500a1ac041d3169d30c004786e1"},"headline":"Marketing do veden\u00ed! Brand Management 2025 s Magnas u\u017e 30. z\u00e1\u0159\u00ed","datePublished":"2025-08-18T13:27:39+00:00","dateModified":"2025-08-26T15:46:58+00:00","mainEntityOfPage":{"@id":"https:\/\/www.magnas.cz\/marketing-do-vedeni-brand-management-2025-s-magnas-uz-30-zari\/"},"wordCount":761,"publisher":{"@id":"https:\/\/www.magnas.cz\/#organization"},"image":{"@id":"https:\/\/www.magnas.cz\/marketing-do-vedeni-brand-management-2025-s-magnas-uz-30-zari\/#primaryimage"},"thumbnailUrl":"https:\/\/www.magnas.cz\/wp-content\/uploads\/2025\/08\/Blog_2160x1346_Show_me_the_money.png","articleSection":["Neza\u0159azen\u00e9"],"inLanguage":"en-GB"},{"@type":"WebPage","@id":"https:\/\/www.magnas.cz\/marketing-do-vedeni-brand-management-2025-s-magnas-uz-30-zari\/","url":"https:\/\/www.magnas.cz\/marketing-do-vedeni-brand-management-2025-s-magnas-uz-30-zari\/","name":"Marketing do veden\u00ed! Brand Management 2025 s Magnas u\u017e 30. z\u00e1\u0159\u00ed | Magnas","isPartOf":{"@id":"https:\/\/www.magnas.cz\/#website"},"primaryImageOfPage":{"@id":"https:\/\/www.magnas.cz\/marketing-do-vedeni-brand-management-2025-s-magnas-uz-30-zari\/#primaryimage"},"image":{"@id":"https:\/\/www.magnas.cz\/marketing-do-vedeni-brand-management-2025-s-magnas-uz-30-zari\/#primaryimage"},"thumbnailUrl":"https:\/\/www.magnas.cz\/wp-content\/uploads\/2025\/08\/Blog_2160x1346_Show_me_the_money.png","datePublished":"2025-08-18T13:27:39+00:00","dateModified":"2025-08-26T15:46:58+00:00","description":"Jsme kreativn\u011b medi\u00e1ln\u00ed uskupen\u00ed propojuj\u00edc\u00ed medi\u00e1ln\u00ed a kreativn\u00ed slu\u017eby. Stav\u00edme na \u00fazk\u00e9m propojen\u00ed strategie, medi\u00e1ln\u00edho pl\u00e1nov\u00e1n\u00ed, offline i online v\u00fdkonu, kreativn\u00edch n\u00e1pad\u016f a produkce. Pom\u00e1h\u00e1me firm\u00e1m rozv\u00edjet p\u0159\u00edb\u011bh jejich zna\u010dky, p\u0159in\u00e1\u0161\u00edme strategick\u00fd pohled do jejich byznysu nebo \u201ejen\u201c pom\u00e1h\u00e1me r\u016fstu prodej\u016f. Ka\u017ed\u00e1 organizace m\u00e1 jin\u00e9 pot\u0159eby, pom\u00e1h\u00e1me spole\u010dn\u011b nastavit ty spr\u00e1vn\u00e9 c\u00edle.","breadcrumb":{"@id":"https:\/\/www.magnas.cz\/marketing-do-vedeni-brand-management-2025-s-magnas-uz-30-zari\/#breadcrumb"},"inLanguage":"en-GB","potentialAction":[{"@type":"ReadAction","target":["https:\/\/www.magnas.cz\/marketing-do-vedeni-brand-management-2025-s-magnas-uz-30-zari\/"]}]},{"@type":"ImageObject","inLanguage":"en-GB","@id":"https:\/\/www.magnas.cz\/marketing-do-vedeni-brand-management-2025-s-magnas-uz-30-zari\/#primaryimage","url":"https:\/\/www.magnas.cz\/wp-content\/uploads\/2025\/08\/Blog_2160x1346_Show_me_the_money.png","contentUrl":"https:\/\/www.magnas.cz\/wp-content\/uploads\/2025\/08\/Blog_2160x1346_Show_me_the_money.png","width":2160,"height":1346},{"@type":"BreadcrumbList","@id":"https:\/\/www.magnas.cz\/marketing-do-vedeni-brand-management-2025-s-magnas-uz-30-zari\/#breadcrumb","itemListElement":[{"@type":"ListItem","position":1,"name":"Dom\u016f","item":"https:\/\/www.magnas.cz\/"},{"@type":"ListItem","position":2,"name":"Marketing do veden\u00ed! Brand Management 2025 s Magnas u\u017e 30. z\u00e1\u0159\u00ed"}]},{"@type":"WebSite","@id":"https:\/\/www.magnas.cz\/#website","url":"https:\/\/www.magnas.cz\/","name":"Magnas Media","description":"","publisher":{"@id":"https:\/\/www.magnas.cz\/#organization"},"alternateName":"Jsme t\u00fdm odborn\u00edk\u016f na brandov\u00e9 i v\u00fdkonnostn\u00ed strategie.","potentialAction":[{"@type":"SearchAction","target":{"@type":"EntryPoint","urlTemplate":"https:\/\/www.magnas.cz\/?s={search_term_string}"},"query-input":{"@type":"PropertyValueSpecification","valueRequired":true,"valueName":"search_term_string"}}],"inLanguage":"en-GB"},{"@type":"Organization","@id":"https:\/\/www.magnas.cz\/#organization","name":"Magnas Media s.r.o.","url":"https:\/\/www.magnas.cz\/","logo":{"@type":"ImageObject","inLanguage":"en-GB","@id":"https:\/\/www.magnas.cz\/#\/schema\/logo\/image\/","url":"https:\/\/www.magnas.cz\/wp-content\/uploads\/2025\/04\/Logo_Magnas_slogan_nadel_red_RGB-1.png","contentUrl":"https:\/\/www.magnas.cz\/wp-content\/uploads\/2025\/04\/Logo_Magnas_slogan_nadel_red_RGB-1.png","width":730,"height":142,"caption":"Magnas Media s.r.o."},"image":{"@id":"https:\/\/www.magnas.cz\/#\/schema\/logo\/image\/"},"sameAs":["https:\/\/www.facebook.com\/magnasmedia\/","https:\/\/www.instagram.com\/magnas.media\/"]},{"@type":"Person","@id":"https:\/\/www.magnas.cz\/#\/schema\/person\/a6e92500a1ac041d3169d30c004786e1","name":"Magnas","image":{"@type":"ImageObject","inLanguage":"en-GB","@id":"https:\/\/www.magnas.cz\/#\/schema\/person\/image\/","url":"https:\/\/secure.gravatar.com\/avatar\/74462af9aa7021b433ba6a95d633f3593996177474bf63c4723e2e09e6ff4c75?s=96&d=mm&r=g","contentUrl":"https:\/\/secure.gravatar.com\/avatar\/74462af9aa7021b433ba6a95d633f3593996177474bf63c4723e2e09e6ff4c75?s=96&d=mm&r=g","caption":"Magnas"},"url":"https:\/\/www.magnas.cz\/en\/author\/admin\/"}]}},"_links":{"self":[{"href":"https:\/\/www.magnas.cz\/en\/wp-json\/wp\/v2\/posts\/234325","targetHints":{"allow":["GET"]}}],"collection":[{"href":"https:\/\/www.magnas.cz\/en\/wp-json\/wp\/v2\/posts"}],"about":[{"href":"https:\/\/www.magnas.cz\/en\/wp-json\/wp\/v2\/types\/post"}],"author":[{"embeddable":true,"href":"https:\/\/www.magnas.cz\/en\/wp-json\/wp\/v2\/users\/2"}],"replies":[{"embeddable":true,"href":"https:\/\/www.magnas.cz\/en\/wp-json\/wp\/v2\/comments?post=234325"}],"version-history":[{"count":5,"href":"https:\/\/www.magnas.cz\/en\/wp-json\/wp\/v2\/posts\/234325\/revisions"}],"predecessor-version":[{"id":234360,"href":"https:\/\/www.magnas.cz\/en\/wp-json\/wp\/v2\/posts\/234325\/revisions\/234360"}],"wp:featuredmedia":[{"embeddable":true,"href":"https:\/\/www.magnas.cz\/en\/wp-json\/wp\/v2\/media\/234327"}],"wp:attachment":[{"href":"https:\/\/www.magnas.cz\/en\/wp-json\/wp\/v2\/media?parent=234325"}],"wp:term":[{"taxonomy":"category","embeddable":true,"href":"https:\/\/www.magnas.cz\/en\/wp-json\/wp\/v2\/categories?post=234325"},{"taxonomy":"post_tag","embeddable":true,"href":"https:\/\/www.magnas.cz\/en\/wp-json\/wp\/v2\/tags?post=234325"}],"curies":[{"name":"wp","href":"https:\/\/api.w.org\/{rel}","templated":true}]}}