{"id":234734,"date":"2026-03-16T15:30:00","date_gmt":"2026-03-16T14:30:00","guid":{"rendered":"https:\/\/www.magnas.cz\/?p=234734"},"modified":"2026-03-11T14:17:14","modified_gmt":"2026-03-11T13:17:14","slug":"co-je-brand-manual","status":"publish","type":"post","link":"https:\/\/www.magnas.cz\/en\/co-je-brand-manual\/","title":{"rendered":"Co je brand manu\u00e1l a pro\u010d ho v\u011bt\u0161ina firem nem\u00e1 (i kdy\u017e si mysl\u00ed, \u017ee ano)"},"content":{"rendered":"[et_pb_section fb_built=&#8220;1&#8243; _builder_version=&#8220;4.16&#8243; custom_padding=&#8220;||0px|||&#8220; global_colors_info=&#8220;{}&#8220;][et_pb_row _builder_version=&#8220;4.27.5&#8243; background_size=&#8220;initial&#8220; background_position=&#8220;top_left&#8220; background_repeat=&#8220;repeat&#8220; custom_padding=&#8220;||0px|||&#8220; global_colors_info=&#8220;{}&#8220;][et_pb_column type=&#8220;4_4&#8243; _builder_version=&#8220;4.16&#8243; custom_padding=&#8220;|||&#8220; global_colors_info=&#8220;{}&#8220; custom_padding__hover=&#8220;|||&#8220;][et_pb_text _builder_version=&#8220;4.27.5&#8243; background_size=&#8220;initial&#8220; background_position=&#8220;top_left&#8220; background_repeat=&#8220;repeat&#8220; custom_padding=&#8220;||0px|||&#8220; inline_fonts=&#8220;ABeeZee&#8220; global_colors_info=&#8220;{}&#8220;]<p><strong>To, co v\u011bt\u0161ina firem hrd\u011b otev\u00edr\u00e1 jako sv\u016fj brand manu\u00e1l, je ve skute\u010dnosti jen drah\u00e1 grafick\u00e1 p\u0159\u00edloha. Jsou tam loga, barvy, fonty a mo\u017en\u00e1 ochrann\u00e1 z\u00f3na. To je fajn jako designov\u00fd dokument, kter\u00fd \u0159e\u0161\u00ed formu. Ale skute\u010dn\u00fd brand manu\u00e1l se zam\u011b\u0159uje na identitu, v\u00fdznam a pravidla chov\u00e1n\u00ed zna\u010dky. To jsou dv\u011b r\u016fzn\u00e9 v\u011bci. A z\u00e1m\u011bna v\u00e1s stoj\u00ed \u010das, pen\u00edze a konzistenci.<\/strong><\/p>\n<p><strong>Design dokument \u0159\u00edk\u00e1: \u201eTakto vypad\u00e1 na\u0161e logo.\u201d\u00a0<\/strong><\/p>\n<p><strong>Brand manu\u00e1l \u0159\u00edk\u00e1: \u201eTakto na\u0161e zna\u010dka p\u0159em\u00fd\u0161l\u00ed. A proto m\u00e1 tuto podobu.\u201d<\/strong><\/p>[\/et_pb_text][\/et_pb_column][\/et_pb_row][et_pb_row _builder_version=&#8220;4.27.4&#8243; background_size=&#8220;initial&#8220; background_position=&#8220;top_left&#8220; background_repeat=&#8220;repeat&#8220; custom_padding=&#8220;||0px|||&#8220; global_colors_info=&#8220;{}&#8220;][et_pb_column type=&#8220;4_4&#8243; _builder_version=&#8220;4.16&#8243; custom_padding=&#8220;|||&#8220; global_colors_info=&#8220;{}&#8220; custom_padding__hover=&#8220;|||&#8220;][et_pb_text _builder_version=&#8220;4.27.5&#8243; _module_preset=&#8220;default&#8220; global_colors_info=&#8220;{}&#8220;]<h2>Co brand manu\u00e1l doopravdy je?<\/h2>\n<p><span style=\"font-weight: 400;\">Brand manu\u00e1l je strategick\u00fd n\u00e1stroj na p\u0159eklad identity do praxe. Jeho \u00fakolem je zajistit, aby r\u016fzn\u00ed lid\u00e9 \u2013 z t\u00fdmu, od dodavatele, z jin\u00e9ho odd\u011blen\u00ed \u2013 vytvo\u0159ili pro zna\u010dku v\u00fdstup, kter\u00fd je sice obsahov\u011b odli\u0161n\u00fd, ale st\u00e1le konzistentn\u00ed.<\/span><\/p>\n<p><span style=\"font-weight: 400;\">Pokud si kdokoliv otev\u0159e brand manu\u00e1l a po p\u0159e\u010dten\u00ed v\u00ed, jak zna\u010dka mluv\u00ed, jak vypad\u00e1 a co je je\u0161t\u011b v po\u0159\u00e1dku, m\u00e1te vyhr\u00e1no: manu\u00e1l funguje. Pokud ne, m\u00e1te dokument. Ale nem\u00e1te syst\u00e9m.<\/span><\/p>\n<p><span style=\"font-weight: 400;\">P\u0159\u00edklad z praxe: Kdy\u017e jsme brand manu\u00e1l EXPRES MENU nasd\u00edleli extern\u00edmu dodavateli materi\u00e1l\u016f pro soci\u00e1ln\u00ed s\u00edt\u011b, p\u0159estali jsme \u0159e\u0161it, jestli v\u00fdstupy \u201esed\u00ed\u201d. Dodavatel otev\u0159el dokument a v\u011bd\u011bl. Konzistentn\u00ed projev nap\u0159\u00ed\u010d kan\u00e1ly p\u0159estal b\u00fdt v\u011bc\u00ed n\u00e1hody nebo opakovan\u00fdch \u00faprav.<\/span><\/p>\n<p><span style=\"font-weight: 400;\">Kolik hodin t\u00fddn\u011b v\u00e1\u0161 t\u00fdm \u0159e\u0161\u00ed ot\u00e1zky, na kter\u00e9 by m\u011bl odpov\u011bd\u011bt manu\u00e1l? Respondenti <\/span><a href=\"https:\/\/info.marq.com\/resources\/report\/brand-consistency\"><span style=\"font-weight: 400;\">studie Lucidpress (nyn\u00ed Marq) State of Brand Consistency<\/span><\/a><span style=\"font-weight: 400;\"> odhaduj\u00ed, \u017ee konzistentn\u00ed zna\u010dka by jejich tr\u017eb\u00e1m p\u0159inesla n\u00e1r\u016fst 10\u201320 %. Mechanismus je jednoduch\u00fd: m\u00e9n\u011b dohad\u016f, m\u00e9n\u011b oprav, m\u00e9n\u011b v\u00fdstup\u016f, kter\u00e9 mus\u00ed proj\u00edt schvalov\u00e1n\u00edm dvakr\u00e1t.<\/span><\/p>\n<h2>Co by m\u011bl manu\u00e1l obsahovat<\/h2>\n<p>Funk\u010dn\u00ed manu\u00e1l lze rozd\u011blit do t\u0159\u00ed blok\u016f.<\/p>\n<p><span style=\"font-weight: 400;\"><strong>Strategick\u00e1 \u010d\u00e1st definuje zna\u010dku:<\/strong>\u00a0jej\u00ed osobnost, archetypy, tone of voice, brand principy. Bez n\u00ed jsou barvy jen n\u00e1hodn\u011b vybran\u00e9 pastelky.<\/span><\/p>\n<p><span style=\"font-weight: 400;\"><strong>Vizu\u00e1ln\u00ed syst\u00e9m tuto identitu p\u0159ev\u00e1d\u00ed do viditeln\u00e9 formy:<\/strong> logo syst\u00e9m, barevn\u00e1 paleta s definovan\u00fdmi rolemi, typografie, grafick\u00e9 prvky, layout.<\/span><\/p>\n<p><span style=\"font-weight: 400;\"><strong>Aplika\u010dn\u00ed \u010d\u00e1st ukazuje, jak to cel\u00e9 funguje v praxi<\/strong> \u2013 digit\u00e1ln\u00ed i offline v\u00fdstupy, \u0161ablony, pr\u00e1ce s obsahem.<\/span><\/p>\n<p><span style=\"font-weight: 400;\">Tato posloupnost nen\u00ed n\u00e1hoda. Vizu\u00e1ln\u00ed rozhodnut\u00ed vych\u00e1zej\u00ed ze strategie, ne naopak.<\/span><\/p>[\/et_pb_text][et_pb_text _builder_version=&#8220;4.27.5&#8243; _module_preset=&#8220;default&#8220; global_colors_info=&#8220;{}&#8220;]<h2>Jak to vypad\u00e1 v praxi: n\u00e1\u0161 manu\u00e1l<\/h2>\n<p><span style=\"font-weight: 400;\">P\u0159ed rokem jsme pro\u0161li procesem, kter\u00fd dob\u0159e zn\u00e1me z klientsk\u00fdch projekt\u016f \u2013 tentokr\u00e1t na vlastn\u00ed k\u016f\u017ei. Magnas vyrostl. Pot\u0159ebovali jsme dokument, kter\u00fd funguje pro t\u00fdm, funguje pro klienty a bude fungovat i za t\u0159i roky. Tady je, co jsme \u0159e\u0161ili \u2013 a co si z toho m\u016f\u017eete vz\u00edt pro svou zna\u010dku.<\/span><\/p>[\/et_pb_text][et_pb_image src=&#8220;https:\/\/www.magnas.cz\/wp-content\/uploads\/2026\/03\/1.-SCREEN_-Archetypy-\u2013-stranka-s-Saskem-a-Mudrcem.png&#8220; title_text=&#8220;Uk\u00e1zka z Magnas Brand Manu\u00e1lu 2026 \u2013 definice archetyp\u016f \u0160a\u0161ek a Mudrc&#8220; _builder_version=&#8220;4.27.5&#8243; _module_preset=&#8220;default&#8220; hover_enabled=&#8220;0&#8243; global_colors_info=&#8220;{}&#8220; alt=&#8220;Str\u00e1nka brand manu\u00e1lu Magnas s vizu\u00e1ln\u00ed definic\u00ed archetyp\u016f \u0160a\u0161ek a Mudrc&#8220; sticky_enabled=&#8220;0&#8243;][\/et_pb_image][et_pb_text _builder_version=&#8220;4.27.5&#8243; _module_preset=&#8220;default&#8220; global_colors_info=&#8220;{}&#8220;]<h3><strong>Archetypy \u2013 z\u00e1klad, kter\u00fd dr\u017e\u00ed v\u0161e pohromad\u011b<\/strong><\/h3>\n<p><em><b>Co jsme \u0159e\u0161ili:<\/b><\/em> <span style=\"font-weight: 400;\">Jak popsat charakter zna\u010dky tak, aby ho pochopil copywriter, grafik i nov\u00fd obchodn\u00edk. A ka\u017ed\u00fd stejn\u011b.<\/span><\/p>\n<p><em><b>Jak jsme to vy\u0159e\u0161ili:<\/b><\/em> <span style=\"font-weight: 400;\">Definovali jsme dva archetypy \u2013 \u0160a\u0161ka a Mudrce. \u0160a\u0161ek dod\u00e1v\u00e1 odleh\u010denost a humor, Mudrc odbornost a argumentaci. Tone of voice Magnas vych\u00e1z\u00ed p\u0159irozen\u011b z jejich kombinace: mluv\u00edme bez obalu, s humorem, ale prokl\u00e1d\u00e1me to v\u011bcn\u00fdmi koment\u00e1\u0159i a daty.<\/span><\/p>\n<p><em><b>A te\u010f vy:<\/b> <\/em><span style=\"font-weight: 400;\">Zkuste jednou v\u011btou popsat, jak va\u0161e zna\u010dka mluv\u00ed. Pokud to nedok\u00e1\u017eete \u2013 nebo pokud to ka\u017ed\u00fd z va\u0161eho t\u00fdmu pop\u00ed\u0161e jinak \u2013 chyb\u00ed v\u00e1m strategick\u00e1 \u010d\u00e1st manu\u00e1lu. Barvy a logo to nevy\u0159e\u0161\u00ed.<\/span><\/p>[\/et_pb_text][et_pb_image src=&#8220;https:\/\/www.magnas.cz\/wp-content\/uploads\/2026\/03\/2.-SCREEN_-Logo-system-\u2013-primarni-a-sekundarni-varianty.png&#8220; title_text=&#8220;Uk\u00e1zka z Magnas Brand Manu\u00e1lu 2026 \u2013 prim\u00e1rn\u00ed a sekund\u00e1rn\u00ed varianty loga &#8220; _builder_version=&#8220;4.27.5&#8243; _module_preset=&#8220;default&#8220; hover_enabled=&#8220;0&#8243; global_colors_info=&#8220;{}&#8220; alt=&#8220;P\u0159ehled variant loga Magnas \u2013 sv\u011btl\u00e1, tmav\u00e1 a kompaktn\u00ed verze&#8220; sticky_enabled=&#8220;0&#8243;][\/et_pb_image][et_pb_text _builder_version=&#8220;4.27.5&#8243; _module_preset=&#8220;default&#8220; global_colors_info=&#8220;{}&#8220;]<h3><strong>Logo syst\u00e9m \u2013 pravidla, ne omezen\u00ed<\/strong><\/h3>\n<p><em><b>Co jsme \u0159e\u0161ili:<\/b><\/em> <span style=\"font-weight: 400;\">Logo se pou\u017e\u00edvalo v r\u016fzn\u00fdch variant\u00e1ch bez jasn\u00e9ho pravidla, kdy kter\u00e1 plat\u00ed.<\/span><\/p>\n<p><em><b>Jak jsme to vy\u0159e\u0161ili:<\/b><\/em> <span style=\"font-weight: 400;\">Definovali jsme v\u0161echny varianty \u2013 sv\u011btl\u00e9, tmav\u00e9, kompaktn\u00ed \u2013 ka\u017edou s jasn\u00fdm kontextem pou\u017eit\u00ed. Sekund\u00e1rn\u00ed logo je ur\u010deno pro situace, kde prim\u00e1rn\u00ed verze nefunguje: profily na soci\u00e1ln\u00edch s\u00edt\u00edch, aplikace, men\u0161\u00ed form\u00e1ty. Manu\u00e1l \u0159\u00edk\u00e1 nejen co, ale i pro\u010d.<\/span><\/p>\n<p><em><b>A te\u010f vy:<\/b><\/em> <span style=\"font-weight: 400;\">Pod\u00edvejte se, jak va\u0161e logo pou\u017e\u00edvaj\u00ed dodavatel\u00e9. Pokud ka\u017ed\u00fd p\u0159i\u0161el s trochu jinou verz\u00ed, nemaj\u00ed jasn\u00e1 pravidla, nebo je nemaj\u00ed k dispozici.<\/span><\/p>[\/et_pb_text][et_pb_image src=&#8220;https:\/\/www.magnas.cz\/wp-content\/uploads\/2026\/03\/3.-SCREEN_-Barevna-paleta-s-rolemi-barev.png&#8220; title_text=&#8220;Uk\u00e1zka z Magnas Brand Manu\u00e1lu 2026 \u2013 barevn\u00fd syst\u00e9m s rolemi jednotliv\u00fdch barev &#8220; _builder_version=&#8220;4.27.5&#8243; _module_preset=&#8220;default&#8220; hover_enabled=&#8220;0&#8243; global_colors_info=&#8220;{}&#8220; alt=&#8220;Barevn\u00e1 paleta Magnas s definovan\u00fdmi rolemi \u2013 Drive Red, Navy, fialov\u00e1&#8220; sticky_enabled=&#8220;0&#8243;][\/et_pb_image][et_pb_text _builder_version=&#8220;4.27.5&#8243; _module_preset=&#8220;default&#8220; global_colors_info=&#8220;{}&#8220;]<h3><strong>Barevn\u00e1 paleta \u2013 role, nejen k\u00f3dy<\/strong><\/h3>\n<p><b><i>Co jsme \u0159e\u0161ili:<\/i><\/b> <span style=\"font-weight: 400;\">Barvy existovaly, ale ka\u017ed\u00fd je pou\u017e\u00edval jinak. Chyb\u011bla logika.<\/span><\/p>\n<p><b><i>Jak jsme to vy\u0159e\u0161ili:<\/i><\/b> <span style=\"font-weight: 400;\">Ka\u017ed\u00e1 barva dostala roli a kontext. Drive Red (#F0433F) pat\u0159\u00ed energick\u00fdm claim\u016fm a siln\u00fdm headlin\u016fm \u2013 \u0159\u00edk\u00e1: jsme tady, pod\u00edvej se. Navy modr\u00e1 je nosi\u010d informac\u00ed a edukativn\u00edho obsahu. Fialov\u00e1 pokr\u00fdv\u00e1 lidsk\u00fd obsah \u2013 eventy, partnerstv\u00ed, narozeniny. Ka\u017ed\u00e1 kombinace m\u00e1 funk\u010dn\u00ed d\u016fvod: claim \u00d7 data \u00d7 komunita.<\/span><\/p>\n<p><b><i>A te\u010f vy:<\/i><\/b> <span style=\"font-weight: 400;\">Pokud v\u00e1\u0161 manu\u00e1l \u0159\u00edk\u00e1 jen \u201eprim\u00e1rn\u00ed barva je #F0433F\u201d, nesta\u010d\u00ed to. Barva bez role je dekorace. Barva s rol\u00ed je komunika\u010dn\u00ed n\u00e1stroj.<\/span><\/p>[\/et_pb_text][et_pb_image src=&#8220;https:\/\/www.magnas.cz\/wp-content\/uploads\/2026\/03\/4.-SCREEN_-Ilustrace-a-primarni-graficke-prvky.png&#8220; title_text=&#8220;Uk\u00e1zka z Magnas Brand Manu\u00e1lu 2026 \u2013 pravidla pro grafick\u00e9 prvky a ilustrace&#8220; _builder_version=&#8220;4.27.5&#8243; _module_preset=&#8220;default&#8220; hover_enabled=&#8220;0&#8243; global_colors_info=&#8220;{}&#8220; alt=&#8220;Prim\u00e1rn\u00ed grafick\u00e9 prvky Magnas \u2013 ru\u010dn\u011b kreslen\u00e9 ilustrace a overlay syst\u00e9m pro fotografie&#8220; sticky_enabled=&#8220;0&#8243;][\/et_pb_image][et_pb_text _builder_version=&#8220;4.27.5&#8243; _module_preset=&#8220;default&#8220; global_colors_info=&#8220;{}&#8220;]<h3><strong>Ilustrace a grafick\u00e9 prvky \u2013 jazyk, kter\u00fd pozn\u00e1te<\/strong><\/h3>\n<p><b><i>Co jsme \u0159e\u0161ili:<\/i><\/b> <span style=\"font-weight: 400;\">Ru\u010dn\u011b kreslen\u00e9 ilustrace jsou sou\u010d\u00e1st\u00ed vizu\u00e1ln\u00edho jazyka Magnas. Ov\u0161em bez pravidel hroz\u00ed, \u017ee ka\u017ed\u00fd v\u00fdstup bude vypadat jinak.<\/span><\/p>\n<p><b><i>Jak jsme to vy\u0159e\u0161ili:<\/i><\/b> <span style=\"font-weight: 400;\">Manu\u00e1l definuje nejen to, jak ilustrace vypadaj\u00ed (st\u0159\u00eddm\u00e9, vtipn\u00e9, nikoliv infantiln\u00ed), ale i kdy a jak se pou\u017e\u00edvaj\u00ed. U fotografi\u00ed p\u0159ibyl overlay syst\u00e9m \u2013 naviga\u010dn\u00ed spodn\u00ed pruh s logotypem, kter\u00fd ukotvuje identitu bez ohledu na tonalitu sn\u00edmku.<\/span><\/p>\n<p><b><i>A te\u010f vy:<\/i><\/b> <span style=\"font-weight: 400;\">Ptejte se nejen \u201ejak to vypad\u00e1\u201d, ale \u201ekdy to pou\u017eijeme, a kdy ne\u201d. Grafick\u00e9 prvky bez omezen\u00ed p\u0159est\u00e1vaj\u00ed b\u00fdt syst\u00e9mem.<\/span><\/p>[\/et_pb_text][et_pb_image src=&#8220;https:\/\/www.magnas.cz\/wp-content\/uploads\/2026\/03\/5.-SCREEN_-3\u00d73-grid-feedu-a-mockupy-socialnich-siti.png&#8220; title_text=&#8220;N\u00e1vrh Instagram gridu Magnas s definovanou frekvenc\u00ed barev a \u0161ablonami p\u0159\u00edsp\u011bvk\u016f&#8220; _builder_version=&#8220;4.27.5&#8243; _module_preset=&#8220;default&#8220; hover_enabled=&#8220;0&#8243; global_colors_info=&#8220;{}&#8220; alt=&#8220;Uk\u00e1zka z Magnas Brand Manu\u00e1lu 2026 \u2013 syst\u00e9m gridu a \u0161ablony pro soci\u00e1ln\u00ed s\u00edt\u011b &#8220; sticky_enabled=&#8220;0&#8243;][\/et_pb_image][et_pb_text _builder_version=&#8220;4.27.5&#8243; _module_preset=&#8220;default&#8220; global_colors_info=&#8220;{}&#8220;]<h3><span style=\"font-weight: 400;\"><strong>Social media \u2013 syst\u00e9m m\u00edsto n\u00e1hody<\/strong><\/span><\/h3>\n<p><b><i>Co jsme \u0159e\u0161ili:<\/i><\/b> <span style=\"font-weight: 400;\">Jak p\u0159en\u00e9st pravidla z dokumentu do ka\u017edodenn\u00ed produkce obsahu na soci\u00e1ln\u00edch s\u00edt\u00edch.<\/span><\/p>\n<p><b><i>Jak jsme to vy\u0159e\u0161ili:<\/i><\/b> <span style=\"font-weight: 400;\">Manu\u00e1l obsahuje konkr\u00e9tn\u00ed \u0161ablony a logiku gridu \u2013 v\u010detn\u011b frekvence barev. \u010cerven\u00e1 3\u20134\u00d7 jako v\u00fdrazn\u00fd akcent, \u0161ed\u00e1 maxim\u00e1ln\u011b 1\u00d7 jako vizu\u00e1ln\u00ed pauza. Feed pak p\u016fsob\u00ed jako celek, ne jako n\u00e1hodn\u00e1 sb\u00edrka p\u0159\u00edsp\u011bvk\u016f. \u0160ablony v\u00e1s nemaj\u00ed omezovat v kreativit\u011b, ale funguj\u00ed jako mantinely, d\u00edky kter\u00fdm nemus\u00edte p\u0159i ka\u017ed\u00e9m p\u0159\u00edsp\u011bvku za\u010d\u00ednat od nuly.\u00a0<\/span><\/p>\n<p><b><i>A te\u010f vy:<\/i><\/b> <span style=\"font-weight: 400;\">Pod\u00edvejte se na sv\u016fj feed. Pokud v n\u011bm nevid\u00edte syst\u00e9m, nevid\u00ed ho ani v\u00e1\u0161 z\u00e1kazn\u00edk \u2013 a vy jen p\u00e1l\u00edte pen\u00edze za grafiku, kterou si nikdo s va\u0161\u00ed zna\u010dkou nespoj\u00ed.\u00a0<\/span><\/p>[\/et_pb_text][et_pb_image src=&#8220;https:\/\/www.magnas.cz\/wp-content\/uploads\/2026\/03\/6.-SCREEN_-Aplikace-v-prostoru-\u2013-merch-propagacni-predmety.png&#8220; title_text=&#8220;Uk\u00e1zka z Magnas Brand Manu\u00e1lu 2026 \u2013 aplikace vizu\u00e1ln\u00ed identity na merch a exteri\u00e9r &#8220; _builder_version=&#8220;4.27.5&#8243; _module_preset=&#8220;default&#8220; hover_enabled=&#8220;0&#8243; global_colors_info=&#8220;{}&#8220; alt=&#8220;Alt text: Aplikace brand identity Magnas na propaga\u010dn\u00ed p\u0159edm\u011bty a prost\u0159ed\u00ed \u2013 merch, exteri\u00e9r&#8220; sticky_enabled=&#8220;0&#8243;][\/et_pb_image][et_pb_text _builder_version=&#8220;4.27.5&#8243; _module_preset=&#8220;default&#8220; global_colors_info=&#8220;{}&#8220;]<h3><strong>Aplikace v prostoru \u2013 zkou\u0161ka reality<\/strong><\/h3>\n<p><b><i>Co jsme \u0159e\u0161ili:<\/i><\/b> <span style=\"font-weight: 400;\">Jestli vizu\u00e1ln\u00ed syst\u00e9m vydr\u017e\u00ed i mimo obrazovku \u2013 na fyzick\u00fdch p\u0159edm\u011btech a v prostoru.<\/span><\/p>\n<p><b><i>Jak jsme to vy\u0159e\u0161ili:<\/i><\/b> <span style=\"font-weight: 400;\">Manu\u00e1l zahrnuje aplikace na merch, propaga\u010dn\u00ed p\u0159edm\u011bty i exteri\u00e9r. Tohle je zkou\u0161ka syst\u00e9mu: pokud identita dr\u017e\u00ed na roho\u017ece i na LinkedIn p\u0159\u00edsp\u011bvku, syst\u00e9m funguje.<\/span><\/p>\n<p><b><i>A te\u010f vy:<\/i><\/b> <span style=\"font-weight: 400;\">Otestujte sv\u016fj vizu\u00e1ln\u00ed syst\u00e9m na co nejodli\u0161n\u011bj\u0161\u00edch form\u00e1tech. Pokud n\u011bkde p\u0159estane fungovat, objevili jste slab\u00e9 m\u00edsto.<\/span><\/p>\n<p><span style=\"font-weight: 400;\"><\/span><\/p>\n<h2>Nej\u010dast\u011bj\u0161\u00ed chyby, kter\u00e9 v\u00edd\u00e1me<\/h2>\n<p><span style=\"font-weight: 400;\">Za roky pr\u00e1ce s klienty jsme vid\u011bli r\u016fzn\u00e9 varianty ne\u00fapln\u00fdch nebo nefunk\u010dn\u00edch manu\u00e1l\u016f.<\/span><\/p>\n<ul>\n<li style=\"font-weight: 400;\" aria-level=\"1\"><span style=\"font-weight: 400;\"><strong>Manu\u00e1l bez strategie<\/strong> \u2013 hezk\u00e9 barvy, ale nikdo nev\u00ed, co jimi \u0159\u00edk\u00e1me. Ka\u017ed\u00fd si zna\u010dku vykl\u00e1d\u00e1 po sv\u00e9m.<\/span><\/li>\n<li style=\"font-weight: 400;\" aria-level=\"1\"><span style=\"font-weight: 400;\"><strong>Manu\u00e1l bez aplikac\u00ed<\/strong> \u2013 kr\u00e1sn\u00fd dokument, ale nikdo nev\u00ed, jak ho pou\u017e\u00edt na LinkedIn, v tiskovin\u011b nebo p\u0159i briefingu dodavatele.<\/span><\/li>\n<li style=\"font-weight: 400;\" aria-level=\"1\"><span style=\"font-weight: 400;\"><strong>Manu\u00e1l bez tone of voice<\/strong> \u2013 vizu\u00e1ln\u00ed identita je definovan\u00e1, ale komunikace ne. Texty pak zn\u011bj\u00ed nekonzistentn\u011b nebo genericky.<\/span><\/li>\n<li style=\"font-weight: 400;\" aria-level=\"1\"><span style=\"font-weight: 400;\"><strong>Manu\u00e1l, kter\u00fd nikdo nepou\u017e\u00edv\u00e1<\/strong> \u2013 dokument v \u0161upl\u00edku nesplnil sv\u016fj \u00fa\u010del. Ani pro intern\u00ed t\u00fdm, ani pro dodavatele.<\/span><\/li>\n<li style=\"font-weight: 400;\" aria-level=\"1\"><span style=\"font-weight: 400;\">A pak jsou dva extr\u00e9my: <strong>p\u0159\u00edli\u0161 rigidn\u00ed manu\u00e1l<\/strong> dus\u00ed kreativitu a p\u0159est\u00e1v\u00e1 b\u00fdt relevantn\u00ed, jak se zna\u010dka vyv\u00edj\u00ed. <strong>P\u0159\u00edli\u0161 voln\u00fd manu\u00e1l<\/strong> ned\u00e1v\u00e1 \u017e\u00e1dn\u00e1 z\u00e1vazn\u00e1 pravidla, ka\u017ed\u00fd d\u011bl\u00e1, co chce.<\/span><\/li>\n<\/ul>\n<h2>Z\u00e1v\u011br<\/h2>\n<p><span style=\"font-weight: 400;\">Otev\u0159ete sv\u016fj brand manu\u00e1l. Pokud prvn\u00ed str\u00e1nka ne\u0159ekne nic o tom, kdo jste \u2013 jen jak vypad\u00e1te \u2013 v\u00edte, co chyb\u00ed. Brand manu\u00e1l nen\u00ed formalita. Je to ochrana toho, co jste do zna\u010dky investovali. Ka\u017ed\u00fd v\u00fdstup mimo syst\u00e9m tuto investici oslabuje. Ka\u017ed\u00fd v\u00fdstup v syst\u00e9mu ji posiluje.<\/span><\/p>\n<p><span style=\"font-weight: 400;\"><\/span><\/p>\n<p><span style=\"font-weight: 400;\">Pracujete se zna\u010dkou, kter\u00e1 brand manu\u00e1l nem\u00e1 nebo pot\u0159ebuje aktualizaci? R\u00e1di se pod\u00edv\u00e1me, co v\u00e1m chyb\u00ed.<\/span><\/p>[\/et_pb_text][\/et_pb_column][\/et_pb_row][et_pb_row column_structure=&#8220;1_4,3_4&#8243; _builder_version=&#8220;4.27.5&#8243; _module_preset=&#8220;default&#8220; min_height=&#8220;191.3px&#8220; custom_margin=&#8220;30px||||false|false&#8220; global_colors_info=&#8220;{}&#8220;][et_pb_column type=&#8220;1_4&#8243; _builder_version=&#8220;4.27.5&#8243; _module_preset=&#8220;default&#8220; global_colors_info=&#8220;{}&#8220;][et_pb_image src=&#8220;https:\/\/www.magnas.cz\/wp-content\/uploads\/2026\/03\/2026-01-14-Magnas-portrety-2.jpg&#8220; title_text=&#8220;2026-01-14-Magnas-portrety-2&#8243; _builder_version=&#8220;4.27.5&#8243; _module_preset=&#8220;default&#8220; width=&#8220;75%&#8220; border_radii=&#8220;on|100px|100px|100px|100px&#8220; global_colors_info=&#8220;{}&#8220;][\/et_pb_image][\/et_pb_column][et_pb_column type=&#8220;3_4&#8243; _builder_version=&#8220;4.27.5&#8243; _module_preset=&#8220;default&#8220; global_colors_info=&#8220;{}&#8220;][et_pb_text _builder_version=&#8220;4.27.5&#8243; _module_preset=&#8220;default&#8220; custom_margin=&#8220;|0px|||false|false&#8220; custom_padding=&#8220;0px|0px|||false|false&#8220; global_colors_info=&#8220;{}&#8220;]<h4><b>MEDAILONEK AUTORA<\/b><\/h4>\n<p><b>Veronika Kupkov\u00e1 &amp; Magnas Creative<\/b><\/p>\n<p><span style=\"font-weight: 400;\">\u0160est let navrhuje weby, digit\u00e1ln\u00ed produkty a vizu\u00e1ln\u00ed identity. Syst\u00e9mov\u011b, od strategie po motion. <br \/>Na FF UK vystudovala psychologii, tak\u017ee v\u00ed, jak to klient c\u00edt\u00ed, je\u0161t\u011b ne\u017e otev\u0159e Figmu. Ve voln\u00e9m \u010dase rozb\u00edj\u00ed typografick\u00e1 pravidla na posterech. Proto\u017ee forma bez obsahu je pro ni jen hezk\u00e1 pr\u00e1zdnota.<\/span><\/p>[\/et_pb_text][\/et_pb_column][\/et_pb_row][et_pb_row _builder_version=&#8220;4.27.4&#8243; _module_preset=&#8220;default&#8220; custom_padding=&#8220;||0px|||&#8220; global_colors_info=&#8220;{}&#8220;][et_pb_column type=&#8220;4_4&#8243; _builder_version=&#8220;4.27.4&#8243; _module_preset=&#8220;default&#8220; global_colors_info=&#8220;{}&#8220;][et_pb_text _builder_version=&#8220;4.27.5&#8243; _module_preset=&#8220;default&#8220; custom_margin=&#8220;1px||1px|||&#8220; global_colors_info=&#8220;{}&#8220;]<h3><\/h3>\n<p><strong style=\"font-size: 16px;\">Pro v\u00edce informac\u00ed ze sv\u011bta marketingu n\u00e1s nezapome\u0148te sledovat na <a href=\"https:\/\/www.instagram.com\/magnas.media\/\" target=\"_blank\" rel=\"noopener\">Instagramu<\/a>,\u00a0<a href=\"https:\/\/cz.linkedin.com\/company\/magnascz\" target=\"_blank\" rel=\"noopener\">LinkedIn<\/a> \u010di nov\u011b na <a href=\"https:\/\/www.youtube.com\/@magnascz\" target=\"_blank\" rel=\"noopener\">YouTube.<\/a><\/strong><\/p>\n<p><b><\/b><\/p>\n<blockquote><\/blockquote>[\/et_pb_text][\/et_pb_column][\/et_pb_row][\/et_pb_section]","protected":false},"excerpt":{"rendered":"<p>To, co v\u011bt\u0161ina firem hrd\u011b otev\u00edr\u00e1 jako sv\u016fj brand manu\u00e1l, je ve skute\u010dnosti jen drah\u00e1 grafick\u00e1 p\u0159\u00edloha. Jsou tam loga, barvy, fonty a mo\u017en\u00e1 ochrann\u00e1 z\u00f3na. To je fajn jako designov\u00fd dokument, kter\u00fd \u0159e\u0161\u00ed formu. Ale skute\u010dn\u00fd brand manu\u00e1l se zam\u011b\u0159uje na identitu, v\u00fdznam a pravidla chov\u00e1n\u00ed zna\u010dky. To jsou dv\u011b r\u016fzn\u00e9 v\u011bci. A z\u00e1m\u011bna [&hellip;]<\/p>","protected":false},"author":2,"featured_media":234735,"comment_status":"closed","ping_status":"open","sticky":false,"template":"","format":"standard","meta":{"_et_pb_use_builder":"on","_et_pb_old_content":"<!-- wp:paragraph -->\n<p><strong>P\u0159edposledn\u00ed \u00fanorov\u00fd t\u00fdden se Brno prom\u011bnilo ve zlatou lo\u010f marketingu. A my jsme u toho nemohli chyb\u011bt, zvl\u00e1\u0161t\u011b kdy\u017e jsme letos ji\u017e pot\u0159et\u00ed zaujali pozici partnera festivalu. Je\u0161t\u011b plni dojm\u016f p\u0159in\u00e1\u0161\u00edme p\u00e1r post\u0159eh\u016f z paluby i z podpalub\u00ed, kde jsme rozlo\u017eili n\u00e1\u0161 Magnas pou\u0165ov\u00fd st\u00e1nek.<\/strong><br><\/p>\n<!-- \/wp:paragraph -->\n\n<!-- wp:paragraph -->\n<p>Akci zah\u00e1jila \u00fatern\u00ed exkluzivn\u00ed party v pivovaru Harry, kter\u00e1 byla prvn\u00ed p\u0159\u00edle\u017eitost\u00ed k neform\u00e1ln\u00edmu networkingu. St\u0159eda pak pat\u0159ila t\u011bm, kte\u0159\u00ed to prvn\u00ed ve\u010der p\u0159\u00edli\u0161 nep\u0159ehnali a m\u011bli v kapse vstupenku na jeden z velmi \u017e\u00e1dan\u00fdch a rychlost\u00ed blesku vyprodan\u00fdch workshop\u016f. T\u00e9mata byla opravdu pestr\u00e1, od produktov\u00e9 analytiky a\u017e po vyu\u017eit\u00ed trendu na TikToku pro budov\u00e1n\u00ed zna\u010dky.<\/p>\n<!-- \/wp:paragraph -->\n\n<!-- wp:paragraph -->\n<p>\u010clen\u016fm na\u0161eho PPC t\u00fdmu se zada\u0159ilo z\u00fa\u010dastnit se workshopu Honzy Barto\u0161e, kter\u00fd se v\u011bnoval nastaven\u00ed strategii v\u00fdkonnostn\u00edch Facebook a Instagram reklam pro leto\u0161n\u00ed rok. V r\u00e1mci dopoledn\u00edho bloku \u0161kolen\u00ed se v\u011bnovali kl\u00ed\u010dov\u00e9mu t\u00e9matu, kter\u00fdm je p\u0159\u00edstup k aktu\u00e1ln\u00edm trend\u016fm v oblasti v\u00fdkonnostn\u00edch kampan\u00ed na META platform\u00e1ch, se zvl\u00e1\u0161tn\u00edm zam\u011b\u0159en\u00edm na m\u00f3dn\u00ed segment. Workshop od n\u00e1s dost\u00e1v\u00e1 plusov\u00e9 body za praktick\u00e9 rady, kter\u00e9 pomohou efektivn\u011bji vyu\u017e\u00edvat tyto platformy pro zv\u00fd\u0161en\u00ed v\u00fdkonu online kampan\u00ed, pota\u017emo e-shop\u016f.&nbsp;<\/p>\n<!-- \/wp:paragraph -->\n\n<!-- wp:paragraph -->\n<p>Inspirativn\u00ed pohled na problematiku brandu p\u0159inesla Anna Mejsnarov\u00e1 ve workshopu I mal\u00e1 zna\u010dka m\u016f\u017ee zaz\u00e1\u0159it. Odnesli jsme si z n\u011bj poznatek, \u017ee zna\u010dky nesm\u00ed ztr\u00e1cet odvahu se odli\u0161it, a to zvl\u00e1\u0161t\u011b dnes, kdy jsme denn\u011b vystaveni des\u00edtce tis\u00edc reklamn\u00edch sd\u011blen\u00ed.<\/p>\n<!-- \/wp:paragraph -->\n\n<!-- wp:paragraph -->\n<p>Workhop Svat\u00fd gr\u00e1l marketingov\u00e9 analytiky: Inkrementalita, Atribuce a MMM<\/p>\n<!-- \/wp:paragraph -->\n\n<!-- wp:paragraph -->\n<p>v pod\u00e1n\u00ed p\u00e1n\u016f Jaroslava Slavi\u010dinsk\u00e9ho a Marka Kobulsk\u00e9ho nab\u00eddl komplexn\u00ed vhled do kl\u00ed\u010dov\u00fdch aspekt\u016f efektivn\u00edho hodnocen\u00ed marketingov\u00fdch investic. \u00da\u010dastn\u00edci se v\u011bnovali hodnocen\u00ed brandov\u00fdch i performance aktivit, v\u010detn\u011b jejich siln\u00fdch a slab\u00fdch str\u00e1nek z pohledu implementace do re\u00e1ln\u00e9ho prost\u0159ed\u00ed. Diskutovalo se o rozd\u00edlech mezi atribu\u010dn\u00edm modelov\u00e1n\u00edm a Marketing Mix Modelingem (MMM) i o tom, jak vyhodnotit offline nebo brandovou kampa\u0148 s ohledem na sez\u00f3nu, po\u010das\u00ed, konkurenci a dal\u0161\u00ed faktory, jako jsou standardn\u00ed prodeje (baseline), a pod\u00edvali jsme se na to, jak\u00fd m\u00e1 re\u00e1ln\u00fd dopad situace, kdy nejsou podporov\u00e1ny kampan\u00ed. V\u0161e je zkr\u00e1tka o datech, kter\u00e1 v Magnas m\u00e1me r\u00e1di. Mizej\u00edc\u00edmi cookies n\u00e1s nedostanou!<\/p>\n<!-- \/wp:paragraph -->\n\n<!-- wp:paragraph -->\n<p>Na workshopu zam\u011b\u0159en\u00e9m na B2B a SaaS p\u0159edstavili Radek Hud\u00e1k a Lukas Mehnert na strategii kampan\u00ed Shoptetu a Smartlookum, jak se lze dostat \u201eZ 0 na 100 milion\u016f do 5 let\u201c. Ocenili jsme, \u017ee nab\u00eddli pohled na netradi\u010dn\u00ed marketingov\u00e9 kan\u00e1ly typick\u00e9 pro toto odv\u011btv\u00ed.<\/p>\n<!-- \/wp:paragraph -->\n\n<!-- wp:paragraph -->\n<p><br>Za kreativn\u00ed t\u00fdm hodnot\u00edme jako jeden z nejlep\u0161\u00edch st\u0159ede\u010dn\u00edch po\u010din\u016f workshop Marketoonisty Toma Fishburna, kter\u00fd n\u00e1m poodhalil tajemstv\u00ed techniky vizu\u00e1ln\u00edho vypr\u00e1v\u011bn\u00ed. Prakticky jsme si vyzkou\u0161eli, jak pomoc\u00ed tu\u017eky a pap\u00edru p\u0159iv\u00e9st n\u00e1pady k \u017eivotu a posl\u00e9ze je poutav\u011b odprezentovat.<\/p>\n<!-- \/wp:paragraph -->\n\n<!-- wp:paragraph -->\n<p>Kdo zvl\u00e1dl ve zdrav\u00ed no\u010dn\u00ed tah sp\u0159\u00e1telen\u00fdmi podniky Nov\u00fd Whisk\u00e1\u010d, 4pokoje, Bar, kter\u00fd neexistuje a bar Slast, mohl si vychutnat \u010dtvrte\u010dn\u00ed hv\u011bzdnou sestavu p\u0159edn\u00e1\u0161ej\u00edc\u00edch na celodenn\u00ed konferenci. Co n\u00e1s zaujalo?&nbsp;&nbsp;<\/p>\n<!-- \/wp:paragraph -->\n\n<!-- wp:paragraph -->\n<p>Sv\u011btov\u011b uzn\u00e1van\u00e1 inov\u00e1torka a expertka v oboru Decision Science Cassie Kozyrkov osv\u011btlila vyu\u017eit\u00ed datov\u00e9 v\u011bdy v marketingu a zp\u016fsob, jak mohou data zm\u011bnit p\u0159\u00edstup firem k z\u00e1kazn\u00edk\u016fm.<\/p>\n<!-- \/wp:paragraph -->\n\n<!-- wp:paragraph -->\n<p>Scott Brinker z Hubspotu se zam\u011b\u0159il na v\u00fdvoj marketingov\u00fdch technologi\u00ed a na to, jak tyto n\u00e1stroje mohou pomoci marketingov\u00fdm t\u00fdm\u016fm k v\u011bt\u0161\u00ed efektivit\u011b.<\/p>\n<!-- \/wp:paragraph -->\n\n<!-- wp:paragraph -->\n<p>V\u00fdzkumn\u00e1 profesorka Ehrenberg-Bass Institutu na Univerzit\u011b Ji\u017en\u00ed Austr\u00e1lie Jenni Romaniuk nab\u00eddla pohled na budov\u00e1n\u00ed zna\u010dek a na to, jak v\u011bdeck\u00fd p\u0159\u00edstup k brandingu m\u016f\u017ee v\u00e9st k lep\u0161\u00edmu pochopen\u00ed z\u00e1kazn\u00edk\u016f. Je n\u00e1m ct\u00ed, \u017ee pan\u00ed profesorka v\u011bnovala Magnas svou knihu, tak\u017ee se m\u016f\u017eeme ve voln\u00fdch chv\u00edl\u00edch no\u0159it do hlubin datov\u00e9 psychologie.<\/p>\n<!-- \/wp:paragraph -->\n\n<!-- wp:paragraph -->\n<p>Tom Fishburne, zn\u00e1m\u00fd jako Marketoonist, uk\u00e1zal, jak\u00fdm zp\u016fsobem m\u016f\u017ee storytelling a obecn\u011b humor v marketingu zlep\u0161it zapojen\u00ed z\u00e1kazn\u00edk\u016f. Mimo jin\u00e9 zm\u00ednil, \u017ee je lep\u0161\u00ed \u017e\u00e1dn\u00e1 ne\u017e \u0161patn\u00e1 personalizace, a v tom s n\u00edm rozhodn\u011b souhlas\u00edme.<\/p>\n<!-- \/wp:paragraph -->\n\n<!-- wp:paragraph -->\n<p>Steen Rasmussen z IIH Nordic sd\u00edlel sv\u00e9 zku\u0161enosti s inovacemi v oblasti dat a vysv\u011btlil, jak mohou tyto inovace ovlivnit marketingov\u00e9 strategie.<\/p>\n<!-- \/wp:paragraph -->\n\n<!-- wp:paragraph -->\n<p>Richard Shotton, konzultant a odborn\u00edk v aplikaci behavior\u00e1ln\u00edch v\u011bd, mnoh\u00e9 p\u0159ekvapil poznatky ohledn\u011b motivac\u00ed k lidsk\u00fdm rozhodnut\u00edm a demonstroval to na moha konkr\u00e9tn\u00edch p\u0159\u00edkladech.<\/p>\n<!-- \/wp:paragraph -->\n\n<!-- wp:paragraph -->\n<p>Andr\u00e9 Morys, zakladatele a CEO spole\u010dnosti konversionsKRAFT, skv\u011ble uchopil t\u00e9ma P\u0159izp\u016fsob se, nebo zem\u0159i. Nabil publikum sv\u00fdm skv\u011bl\u00fdm smyslem pro humor a velmi relevantn\u00edmi post\u0159ehy. Ve zkratce: Nebojte se selhat, b\u00fdt agiln\u00ed, testovat, ov\u011b\u0159ovat, \u0159\u00eddit se daty a m\u011bnit chov\u00e1n\u00ed. V dne\u0161n\u00ed dob\u011b je to jedin\u00e1 cesta jak se prosadit a usp\u011bt.<\/p>\n<!-- \/wp:paragraph -->\n\n<!-- wp:paragraph -->\n<p>Po celou dobu konference jsme byli host\u016fm k dispozici na na\u0161em Magnas pou\u0165ov\u00e9m st\u00e1nku, kter\u00fd l\u00e1kal nejen na laserovou st\u0159elnici, kolo \u0161t\u011bst\u00ed a p\u00e1rky v rohl\u00edku, ale i na seri\u00f3zn\u00ed debatu ohledn\u011b \u0161\u00ed\u0159e na\u0161ich slu\u017eeb a realizovan\u00fdch projekt\u016f. B\u011bhem toho nebyl nikdo zran\u011bn, z\u00e1jemci si rozebrali v\u0161echny ply\u0161ov\u00e9 medv\u00eddky a nav\u00e1zali jsme mnoho kontakt\u016f, na jejich\u017e prohlouben\u00ed v n\u00e1sleduj\u00edc\u00edm obdob\u00ed se moc t\u011b\u0161\u00edme.<\/p>\n<!-- \/wp:paragraph -->\n\n<!-- wp:paragraph -->\n<p>Ze z\u00e1v\u011bre\u010dn\u00e9ho ve\u010d\u00edrku na Fl\u00e9d\u011b si toho, a\u017e na DJ Ventolina, moc nepamatujeme. U\u017e se t\u011b\u0161\u00edme na p\u0159\u00ed\u0161t\u00ed ro\u010dn\u00edk akce, kter\u00fd v dubnu 2025 bude des\u00e1t\u00fdm jubilejn\u00edm a bez pochyby nem\u00e9n\u011b vyda\u0159en\u00fdm.<\/p>\n<!-- \/wp:paragraph -->","_et_gb_content_width":"1080","footnotes":""},"categories":[1],"tags":[],"class_list":["post-234734","post","type-post","status-publish","format-standard","has-post-thumbnail","hentry","category-nezarazene"],"yoast_head":"<!-- This site is optimized with the Yoast SEO plugin v26.9 - https:\/\/yoast.com\/product\/yoast-seo-wordpress\/ -->\n<title>Co je brand manu\u00e1l a pro\u010d ho v\u011bt\u0161ina firem nem\u00e1 | Magnas<\/title>\n<meta name=\"description\" content=\"Designov\u00fd manu\u00e1l a brand manu\u00e1l nejsou tot\u00e9\u017e. Zjist\u011bte, co skute\u010dn\u00fd brand manu\u00e1l obsahuje, pro\u010d bez strategie barvy nesta\u010d\u00ed. Jak to \u0159e\u0161\u00edme u sebe i u klient\u016f?\" \/>\n<meta name=\"robots\" content=\"index, follow, max-snippet:-1, max-image-preview:large, max-video-preview:-1\" \/>\n<link rel=\"canonical\" href=\"https:\/\/www.magnas.cz\/en\/co-je-brand-manual\/\" \/>\n<meta property=\"og:locale\" content=\"en_GB\" \/>\n<meta property=\"og:type\" content=\"article\" \/>\n<meta property=\"og:title\" content=\"Co je brand manu\u00e1l a pro\u010d ho v\u011bt\u0161ina firem nem\u00e1 | Magnas\" \/>\n<meta property=\"og:description\" content=\"Designov\u00fd manu\u00e1l a brand manu\u00e1l nejsou tot\u00e9\u017e. Zjist\u011bte, co skute\u010dn\u00fd brand manu\u00e1l obsahuje, pro\u010d bez strategie barvy nesta\u010d\u00ed. Jak to \u0159e\u0161\u00edme u sebe i u klient\u016f?\" \/>\n<meta property=\"og:url\" content=\"https:\/\/www.magnas.cz\/en\/co-je-brand-manual\/\" \/>\n<meta property=\"og:site_name\" content=\"Magnas\" \/>\n<meta property=\"article:publisher\" content=\"https:\/\/www.facebook.com\/magnasmedia\/\" \/>\n<meta property=\"article:published_time\" content=\"2026-03-16T14:30:00+00:00\" \/>\n<meta property=\"og:image\" content=\"https:\/\/www.magnas.cz\/wp-content\/uploads\/2026\/03\/2026-03-MGNS-Blog-cover-brand-manual-FINAL-scaled.jpg\" \/>\n\t<meta property=\"og:image:width\" content=\"2560\" \/>\n\t<meta property=\"og:image:height\" content=\"1600\" \/>\n\t<meta property=\"og:image:type\" content=\"image\/jpeg\" \/>\n<meta name=\"author\" content=\"Magnas\" \/>\n<meta name=\"twitter:card\" content=\"summary_large_image\" \/>\n<meta name=\"twitter:label1\" content=\"Written by\" \/>\n\t<meta name=\"twitter:data1\" content=\"Magnas\" \/>\n\t<meta name=\"twitter:label2\" content=\"Estimated reading time\" \/>\n\t<meta name=\"twitter:data2\" content=\"7 minutes\" \/>\n<script type=\"application\/ld+json\" class=\"yoast-schema-graph\">{\"@context\":\"https:\/\/schema.org\",\"@graph\":[{\"@type\":\"Article\",\"@id\":\"https:\/\/www.magnas.cz\/co-je-brand-manual\/#article\",\"isPartOf\":{\"@id\":\"https:\/\/www.magnas.cz\/co-je-brand-manual\/\"},\"author\":{\"name\":\"Magnas\",\"@id\":\"https:\/\/www.magnas.cz\/#\/schema\/person\/a6e92500a1ac041d3169d30c004786e1\"},\"headline\":\"Co je brand manu\u00e1l a pro\u010d ho v\u011bt\u0161ina firem nem\u00e1 (i kdy\u017e si mysl\u00ed, \u017ee ano)\",\"datePublished\":\"2026-03-16T14:30:00+00:00\",\"mainEntityOfPage\":{\"@id\":\"https:\/\/www.magnas.cz\/co-je-brand-manual\/\"},\"wordCount\":2334,\"publisher\":{\"@id\":\"https:\/\/www.magnas.cz\/#organization\"},\"image\":{\"@id\":\"https:\/\/www.magnas.cz\/co-je-brand-manual\/#primaryimage\"},\"thumbnailUrl\":\"https:\/\/www.magnas.cz\/wp-content\/uploads\/2026\/03\/2026-03-MGNS-Blog-cover-brand-manual-FINAL-scaled.jpg\",\"articleSection\":[\"Neza\u0159azen\u00e9\"],\"inLanguage\":\"en-GB\"},{\"@type\":\"WebPage\",\"@id\":\"https:\/\/www.magnas.cz\/co-je-brand-manual\/\",\"url\":\"https:\/\/www.magnas.cz\/co-je-brand-manual\/\",\"name\":\"Co je brand manu\u00e1l a pro\u010d ho v\u011bt\u0161ina firem nem\u00e1 | Magnas\",\"isPartOf\":{\"@id\":\"https:\/\/www.magnas.cz\/#website\"},\"primaryImageOfPage\":{\"@id\":\"https:\/\/www.magnas.cz\/co-je-brand-manual\/#primaryimage\"},\"image\":{\"@id\":\"https:\/\/www.magnas.cz\/co-je-brand-manual\/#primaryimage\"},\"thumbnailUrl\":\"https:\/\/www.magnas.cz\/wp-content\/uploads\/2026\/03\/2026-03-MGNS-Blog-cover-brand-manual-FINAL-scaled.jpg\",\"datePublished\":\"2026-03-16T14:30:00+00:00\",\"description\":\"Designov\u00fd manu\u00e1l a brand manu\u00e1l nejsou tot\u00e9\u017e. Zjist\u011bte, co skute\u010dn\u00fd brand manu\u00e1l obsahuje, pro\u010d bez strategie barvy nesta\u010d\u00ed. Jak to \u0159e\u0161\u00edme u sebe i u klient\u016f?\",\"breadcrumb\":{\"@id\":\"https:\/\/www.magnas.cz\/co-je-brand-manual\/#breadcrumb\"},\"inLanguage\":\"en-GB\",\"potentialAction\":[{\"@type\":\"ReadAction\",\"target\":[\"https:\/\/www.magnas.cz\/co-je-brand-manual\/\"]}]},{\"@type\":\"ImageObject\",\"inLanguage\":\"en-GB\",\"@id\":\"https:\/\/www.magnas.cz\/co-je-brand-manual\/#primaryimage\",\"url\":\"https:\/\/www.magnas.cz\/wp-content\/uploads\/2026\/03\/2026-03-MGNS-Blog-cover-brand-manual-FINAL-scaled.jpg\",\"contentUrl\":\"https:\/\/www.magnas.cz\/wp-content\/uploads\/2026\/03\/2026-03-MGNS-Blog-cover-brand-manual-FINAL-scaled.jpg\",\"width\":2560,\"height\":1600},{\"@type\":\"BreadcrumbList\",\"@id\":\"https:\/\/www.magnas.cz\/co-je-brand-manual\/#breadcrumb\",\"itemListElement\":[{\"@type\":\"ListItem\",\"position\":1,\"name\":\"Dom\u016f\",\"item\":\"https:\/\/www.magnas.cz\/\"},{\"@type\":\"ListItem\",\"position\":2,\"name\":\"Co je brand manu\u00e1l a pro\u010d ho v\u011bt\u0161ina firem nem\u00e1 (i kdy\u017e si mysl\u00ed, \u017ee ano)\"}]},{\"@type\":\"WebSite\",\"@id\":\"https:\/\/www.magnas.cz\/#website\",\"url\":\"https:\/\/www.magnas.cz\/\",\"name\":\"Magnas Media\",\"description\":\"\",\"publisher\":{\"@id\":\"https:\/\/www.magnas.cz\/#organization\"},\"alternateName\":\"Jsme t\u00fdm odborn\u00edk\u016f na brandov\u00e9 i v\u00fdkonnostn\u00ed strategie.\",\"potentialAction\":[{\"@type\":\"SearchAction\",\"target\":{\"@type\":\"EntryPoint\",\"urlTemplate\":\"https:\/\/www.magnas.cz\/?s={search_term_string}\"},\"query-input\":{\"@type\":\"PropertyValueSpecification\",\"valueRequired\":true,\"valueName\":\"search_term_string\"}}],\"inLanguage\":\"en-GB\"},{\"@type\":\"Organization\",\"@id\":\"https:\/\/www.magnas.cz\/#organization\",\"name\":\"Magnas Media s.r.o.\",\"url\":\"https:\/\/www.magnas.cz\/\",\"logo\":{\"@type\":\"ImageObject\",\"inLanguage\":\"en-GB\",\"@id\":\"https:\/\/www.magnas.cz\/#\/schema\/logo\/image\/\",\"url\":\"https:\/\/www.magnas.cz\/wp-content\/uploads\/2025\/04\/Logo_Magnas_slogan_nadel_red_RGB-1.png\",\"contentUrl\":\"https:\/\/www.magnas.cz\/wp-content\/uploads\/2025\/04\/Logo_Magnas_slogan_nadel_red_RGB-1.png\",\"width\":730,\"height\":142,\"caption\":\"Magnas Media s.r.o.\"},\"image\":{\"@id\":\"https:\/\/www.magnas.cz\/#\/schema\/logo\/image\/\"},\"sameAs\":[\"https:\/\/www.facebook.com\/magnasmedia\/\",\"https:\/\/www.instagram.com\/magnas.media\/\"]},{\"@type\":\"Person\",\"@id\":\"https:\/\/www.magnas.cz\/#\/schema\/person\/a6e92500a1ac041d3169d30c004786e1\",\"name\":\"Magnas\",\"image\":{\"@type\":\"ImageObject\",\"inLanguage\":\"en-GB\",\"@id\":\"https:\/\/www.magnas.cz\/#\/schema\/person\/image\/\",\"url\":\"https:\/\/secure.gravatar.com\/avatar\/74462af9aa7021b433ba6a95d633f3593996177474bf63c4723e2e09e6ff4c75?s=96&d=mm&r=g\",\"contentUrl\":\"https:\/\/secure.gravatar.com\/avatar\/74462af9aa7021b433ba6a95d633f3593996177474bf63c4723e2e09e6ff4c75?s=96&d=mm&r=g\",\"caption\":\"Magnas\"},\"url\":\"https:\/\/www.magnas.cz\/en\/author\/admin\/\"}]}<\/script>\n<!-- \/ Yoast SEO plugin. -->","yoast_head_json":{"title":"Co je brand manu\u00e1l a pro\u010d ho v\u011bt\u0161ina firem nem\u00e1 | Magnas","description":"Designov\u00fd manu\u00e1l a brand manu\u00e1l nejsou tot\u00e9\u017e. Zjist\u011bte, co skute\u010dn\u00fd brand manu\u00e1l obsahuje, pro\u010d bez strategie barvy nesta\u010d\u00ed. Jak to \u0159e\u0161\u00edme u sebe i u klient\u016f?","robots":{"index":"index","follow":"follow","max-snippet":"max-snippet:-1","max-image-preview":"max-image-preview:large","max-video-preview":"max-video-preview:-1"},"canonical":"https:\/\/www.magnas.cz\/en\/co-je-brand-manual\/","og_locale":"en_GB","og_type":"article","og_title":"Co je brand manu\u00e1l a pro\u010d ho v\u011bt\u0161ina firem nem\u00e1 | Magnas","og_description":"Designov\u00fd manu\u00e1l a brand manu\u00e1l nejsou tot\u00e9\u017e. Zjist\u011bte, co skute\u010dn\u00fd brand manu\u00e1l obsahuje, pro\u010d bez strategie barvy nesta\u010d\u00ed. Jak to \u0159e\u0161\u00edme u sebe i u klient\u016f?","og_url":"https:\/\/www.magnas.cz\/en\/co-je-brand-manual\/","og_site_name":"Magnas","article_publisher":"https:\/\/www.facebook.com\/magnasmedia\/","article_published_time":"2026-03-16T14:30:00+00:00","og_image":[{"width":2560,"height":1600,"url":"https:\/\/www.magnas.cz\/wp-content\/uploads\/2026\/03\/2026-03-MGNS-Blog-cover-brand-manual-FINAL-scaled.jpg","type":"image\/jpeg"}],"author":"Magnas","twitter_card":"summary_large_image","twitter_misc":{"Written by":"Magnas","Estimated reading time":"7 minutes"},"schema":{"@context":"https:\/\/schema.org","@graph":[{"@type":"Article","@id":"https:\/\/www.magnas.cz\/co-je-brand-manual\/#article","isPartOf":{"@id":"https:\/\/www.magnas.cz\/co-je-brand-manual\/"},"author":{"name":"Magnas","@id":"https:\/\/www.magnas.cz\/#\/schema\/person\/a6e92500a1ac041d3169d30c004786e1"},"headline":"Co je brand manu\u00e1l a pro\u010d ho v\u011bt\u0161ina firem nem\u00e1 (i kdy\u017e si mysl\u00ed, \u017ee ano)","datePublished":"2026-03-16T14:30:00+00:00","mainEntityOfPage":{"@id":"https:\/\/www.magnas.cz\/co-je-brand-manual\/"},"wordCount":2334,"publisher":{"@id":"https:\/\/www.magnas.cz\/#organization"},"image":{"@id":"https:\/\/www.magnas.cz\/co-je-brand-manual\/#primaryimage"},"thumbnailUrl":"https:\/\/www.magnas.cz\/wp-content\/uploads\/2026\/03\/2026-03-MGNS-Blog-cover-brand-manual-FINAL-scaled.jpg","articleSection":["Neza\u0159azen\u00e9"],"inLanguage":"en-GB"},{"@type":"WebPage","@id":"https:\/\/www.magnas.cz\/co-je-brand-manual\/","url":"https:\/\/www.magnas.cz\/co-je-brand-manual\/","name":"Co je brand manu\u00e1l a pro\u010d ho v\u011bt\u0161ina firem nem\u00e1 | Magnas","isPartOf":{"@id":"https:\/\/www.magnas.cz\/#website"},"primaryImageOfPage":{"@id":"https:\/\/www.magnas.cz\/co-je-brand-manual\/#primaryimage"},"image":{"@id":"https:\/\/www.magnas.cz\/co-je-brand-manual\/#primaryimage"},"thumbnailUrl":"https:\/\/www.magnas.cz\/wp-content\/uploads\/2026\/03\/2026-03-MGNS-Blog-cover-brand-manual-FINAL-scaled.jpg","datePublished":"2026-03-16T14:30:00+00:00","description":"Designov\u00fd manu\u00e1l a brand manu\u00e1l nejsou tot\u00e9\u017e. Zjist\u011bte, co skute\u010dn\u00fd brand manu\u00e1l obsahuje, pro\u010d bez strategie barvy nesta\u010d\u00ed. Jak to \u0159e\u0161\u00edme u sebe i u klient\u016f?","breadcrumb":{"@id":"https:\/\/www.magnas.cz\/co-je-brand-manual\/#breadcrumb"},"inLanguage":"en-GB","potentialAction":[{"@type":"ReadAction","target":["https:\/\/www.magnas.cz\/co-je-brand-manual\/"]}]},{"@type":"ImageObject","inLanguage":"en-GB","@id":"https:\/\/www.magnas.cz\/co-je-brand-manual\/#primaryimage","url":"https:\/\/www.magnas.cz\/wp-content\/uploads\/2026\/03\/2026-03-MGNS-Blog-cover-brand-manual-FINAL-scaled.jpg","contentUrl":"https:\/\/www.magnas.cz\/wp-content\/uploads\/2026\/03\/2026-03-MGNS-Blog-cover-brand-manual-FINAL-scaled.jpg","width":2560,"height":1600},{"@type":"BreadcrumbList","@id":"https:\/\/www.magnas.cz\/co-je-brand-manual\/#breadcrumb","itemListElement":[{"@type":"ListItem","position":1,"name":"Dom\u016f","item":"https:\/\/www.magnas.cz\/"},{"@type":"ListItem","position":2,"name":"Co je brand manu\u00e1l a pro\u010d ho v\u011bt\u0161ina firem nem\u00e1 (i kdy\u017e si mysl\u00ed, \u017ee ano)"}]},{"@type":"WebSite","@id":"https:\/\/www.magnas.cz\/#website","url":"https:\/\/www.magnas.cz\/","name":"Magnas Media","description":"","publisher":{"@id":"https:\/\/www.magnas.cz\/#organization"},"alternateName":"Jsme t\u00fdm odborn\u00edk\u016f na brandov\u00e9 i v\u00fdkonnostn\u00ed strategie.","potentialAction":[{"@type":"SearchAction","target":{"@type":"EntryPoint","urlTemplate":"https:\/\/www.magnas.cz\/?s={search_term_string}"},"query-input":{"@type":"PropertyValueSpecification","valueRequired":true,"valueName":"search_term_string"}}],"inLanguage":"en-GB"},{"@type":"Organization","@id":"https:\/\/www.magnas.cz\/#organization","name":"Magnas Media s.r.o.","url":"https:\/\/www.magnas.cz\/","logo":{"@type":"ImageObject","inLanguage":"en-GB","@id":"https:\/\/www.magnas.cz\/#\/schema\/logo\/image\/","url":"https:\/\/www.magnas.cz\/wp-content\/uploads\/2025\/04\/Logo_Magnas_slogan_nadel_red_RGB-1.png","contentUrl":"https:\/\/www.magnas.cz\/wp-content\/uploads\/2025\/04\/Logo_Magnas_slogan_nadel_red_RGB-1.png","width":730,"height":142,"caption":"Magnas Media s.r.o."},"image":{"@id":"https:\/\/www.magnas.cz\/#\/schema\/logo\/image\/"},"sameAs":["https:\/\/www.facebook.com\/magnasmedia\/","https:\/\/www.instagram.com\/magnas.media\/"]},{"@type":"Person","@id":"https:\/\/www.magnas.cz\/#\/schema\/person\/a6e92500a1ac041d3169d30c004786e1","name":"Magnas","image":{"@type":"ImageObject","inLanguage":"en-GB","@id":"https:\/\/www.magnas.cz\/#\/schema\/person\/image\/","url":"https:\/\/secure.gravatar.com\/avatar\/74462af9aa7021b433ba6a95d633f3593996177474bf63c4723e2e09e6ff4c75?s=96&d=mm&r=g","contentUrl":"https:\/\/secure.gravatar.com\/avatar\/74462af9aa7021b433ba6a95d633f3593996177474bf63c4723e2e09e6ff4c75?s=96&d=mm&r=g","caption":"Magnas"},"url":"https:\/\/www.magnas.cz\/en\/author\/admin\/"}]}},"_links":{"self":[{"href":"https:\/\/www.magnas.cz\/en\/wp-json\/wp\/v2\/posts\/234734","targetHints":{"allow":["GET"]}}],"collection":[{"href":"https:\/\/www.magnas.cz\/en\/wp-json\/wp\/v2\/posts"}],"about":[{"href":"https:\/\/www.magnas.cz\/en\/wp-json\/wp\/v2\/types\/post"}],"author":[{"embeddable":true,"href":"https:\/\/www.magnas.cz\/en\/wp-json\/wp\/v2\/users\/2"}],"replies":[{"embeddable":true,"href":"https:\/\/www.magnas.cz\/en\/wp-json\/wp\/v2\/comments?post=234734"}],"version-history":[{"count":6,"href":"https:\/\/www.magnas.cz\/en\/wp-json\/wp\/v2\/posts\/234734\/revisions"}],"predecessor-version":[{"id":234752,"href":"https:\/\/www.magnas.cz\/en\/wp-json\/wp\/v2\/posts\/234734\/revisions\/234752"}],"wp:featuredmedia":[{"embeddable":true,"href":"https:\/\/www.magnas.cz\/en\/wp-json\/wp\/v2\/media\/234735"}],"wp:attachment":[{"href":"https:\/\/www.magnas.cz\/en\/wp-json\/wp\/v2\/media?parent=234734"}],"wp:term":[{"taxonomy":"category","embeddable":true,"href":"https:\/\/www.magnas.cz\/en\/wp-json\/wp\/v2\/categories?post=234734"},{"taxonomy":"post_tag","embeddable":true,"href":"https:\/\/www.magnas.cz\/en\/wp-json\/wp\/v2\/tags?post=234734"}],"curies":[{"name":"wp","href":"https:\/\/api.w.org\/{rel}","templated":true}]}}